{"id":1117,"date":"2021-10-01T12:45:09","date_gmt":"2021-10-01T12:45:09","guid":{"rendered":"http:\/\/zts.psoni.czest.pl\/?p=1117"},"modified":"2022-02-01T17:13:58","modified_gmt":"2022-02-01T17:13:58","slug":"moje-zycie-codzienne-jacy-jestesmy","status":"publish","type":"post","link":"http:\/\/zts.psoni.czest.pl\/?p=1117","title":{"rendered":"Moje \u017cycie codzienne &#8211; tacy jeste\u015bmy"},"content":{"rendered":"\t\t<div data-elementor-type=\"wp-post\" data-elementor-id=\"1117\" class=\"elementor elementor-1117\">\n\t\t\t\t\t\t<div class=\"elementor-inner\">\n\t\t\t\t<div class=\"elementor-section-wrap\">\n\t\t\t\t\t\t\t\t\t<section class=\"elementor-section elementor-top-section elementor-element elementor-element-0630b88 elementor-section-boxed elementor-section-height-default elementor-section-height-default\" data-id=\"0630b88\" data-element_type=\"section\">\n\t\t\t\t\t\t<div class=\"elementor-container elementor-column-gap-default\">\n\t\t\t\t\t\t\t<div class=\"elementor-row\">\n\t\t\t\t\t<div class=\"elementor-column elementor-col-100 elementor-top-column elementor-element elementor-element-1685b09\" data-id=\"1685b09\" data-element_type=\"column\">\n\t\t\t<div class=\"elementor-column-wrap elementor-element-populated\">\n\t\t\t\t\t\t\t<div class=\"elementor-widget-wrap\">\n\t\t\t\t\t\t<div class=\"elementor-element elementor-element-6edbfaf elementor-widget elementor-widget-text-editor\" data-id=\"6edbfaf\" data-element_type=\"widget\" data-widget_type=\"text-editor.default\">\n\t\t\t\t<div class=\"elementor-widget-container\">\n\t\t\t\t\t\t\t\t<div class=\"elementor-text-editor elementor-clearfix\">\n\t\t\t\t<p><strong>Projekt pn. \u201e\u017bycie to sztuka filmowa \u2013 moje emocje\u201d finansowany z Narodowego Instytutu Wolno\u015bci \u2013 Centrum Rozwoju Spo\u0142ecze\u0144stwa Obywatelskiego ze \u015brodk\u00f3w Programu Fundusz Inicjatyw Obywatelskich NOWE FIO na lata 2021-2030.<\/strong><\/p>\t\t\t\t\t<\/div>\n\t\t\t\t\t\t<\/div>\n\t\t\t\t<\/div>\n\t\t\t\t\t\t<\/div>\n\t\t\t\t\t<\/div>\n\t\t<\/div>\n\t\t\t\t\t\t\t\t<\/div>\n\t\t\t\t\t<\/div>\n\t\t<\/section>\n\t\t\t\t<section class=\"elementor-section elementor-top-section elementor-element elementor-element-279971c4 elementor-section-boxed elementor-section-height-default elementor-section-height-default\" data-id=\"279971c4\" data-element_type=\"section\">\n\t\t\t\t\t\t<div class=\"elementor-container elementor-column-gap-default\">\n\t\t\t\t\t\t\t<div class=\"elementor-row\">\n\t\t\t\t\t<div class=\"elementor-column elementor-col-100 elementor-top-column elementor-element elementor-element-64b456a8\" data-id=\"64b456a8\" data-element_type=\"column\">\n\t\t\t<div class=\"elementor-column-wrap elementor-element-populated\">\n\t\t\t\t\t\t\t<div class=\"elementor-widget-wrap\">\n\t\t\t\t\t\t<div class=\"elementor-element elementor-element-c4c9979 elementor-widget elementor-widget-text-editor\" data-id=\"c4c9979\" data-element_type=\"widget\" data-widget_type=\"text-editor.default\">\n\t\t\t\t<div class=\"elementor-widget-container\">\n\t\t\t\t\t\t\t\t<div class=\"elementor-text-editor elementor-clearfix\">\n\t\t\t\t<!-- wp:heading -->\n<h2>Towarzyscy, weseli, z poczuciem humoru, odpowiedzialni, pracowici &#8211; tacy jeste\u015bmy. Opowiadamy o sobie i swojej codzienno\u015bci.<\/h2>\n<!-- \/wp:heading -->\n\n<!-- wp:paragraph -->\n<p>Iwona mieszka z mam\u0105 Bronis\u0142aw\u0105. W tym samym bloku mieszka jej chrzestna Krysia, z kt\u00f3r\u0105 ma bardzo dobry i bliski kontakt. Mog\u0105 na siebie liczy\u0107. Wielkim wsparciem jest brat Darek, jego \u017cona Renata i ich syn Damian (chrze\u015bniak Iwony). Cz\u0119sto si\u0119 odwiedzaj\u0105. Bliscy Iwonie s\u0105 r\u00f3wnie\u017c te\u015bciowie brata &#8211; Edzia i Wies\u0142aw. Tworz\u0105 rodzin\u0119, wsp\u00f3lnie sp\u0119dz\u0105 tegoroczn\u0105 Wigili\u0119. Iwona jest fank\u0105 &#8222;harlekin\u00f3w&#8221;. Ma ich ogromn\u0105 kolekcj\u0119. Przeczyta kolejne tomy i dzieli si\u0119 nimi z innymi. Lubi disco polo, bajki, wykre\u015blanki. Jest towarzyska lubi spotkania ze znajomymi &#8222;z O\u015brodka na Focha&#8221; (jak to ujmuje). Opisuje siebie jako osob\u0119 weso\u0142\u0105, konkretn\u0105, zdecydowan\u0105, ale z du\u017cym poczuciem humoru.<\/p>\n<!-- \/wp:paragraph -->\n\n<!-- wp:image {\"id\":1120,\"sizeSlug\":\"full\",\"linkDestination\":\"media\"} -->\n<figure class=\"wp-block-image size-full\"><a href=\"http:\/\/zts.psoni.czest.pl\/wp-content\/uploads\/2021\/10\/243953088_873380940230913_1002251199443788119_n.jpg\"><img loading=\"lazy\" width=\"1020\" height=\"765\" src=\"http:\/\/zts.psoni.czest.pl\/wp-content\/uploads\/2021\/10\/243953088_873380940230913_1002251199443788119_n.jpg\" alt=\"\" class=\"wp-image-1120\" srcset=\"http:\/\/zts.psoni.czest.pl\/wp-content\/uploads\/2021\/10\/243953088_873380940230913_1002251199443788119_n.jpg 1020w, http:\/\/zts.psoni.czest.pl\/wp-content\/uploads\/2021\/10\/243953088_873380940230913_1002251199443788119_n-300x225.jpg 300w, http:\/\/zts.psoni.czest.pl\/wp-content\/uploads\/2021\/10\/243953088_873380940230913_1002251199443788119_n-768x576.jpg 768w\" sizes=\"(max-width: 1020px) 100vw, 1020px\" \/><\/a><\/figure>\n<!-- \/wp:image -->\n\n<!-- wp:paragraph -->\n<p>Marta jest mi\u0142a, konkretna, obowi\u0105zkowa, punktualna, pilna, prawdom\u00f3wna, konkretna i bardzo dobrze zorganizowana. U niej wszystko wpisane jest w grafik, kt\u00f3rego bardzo przestrzega. Jak si\u0119 za co\u015b bierze, to si\u0119 nie poddaje. Robi to do ko\u0144ca. Jest bardzo zaanga\u017cowana, stawia sobie wysoko poprzeczk\u0119, wszystko robi nie na 100 ale 200 proc. Jest bardzo aktywna. \u0106wiczy warsztat wokalny, rozwija talent aktorski i dziennikarski. Mieszka z mam\u0105. Ma siostr\u0119 Ani\u0119, szwagra \u0141ukasza i siostrze\u0144c\u00f3w &#8211; Piotrusia, B\u0142a\u017ceja i Tomka (to jej chrze\u015bniak). Rodzin\u0119 uzupe\u0142niaj\u0105 czworonogi &#8211; pies Pika i kot Koko. Marta zwi\u0105zana jest r\u00f3wnie\u017c ze swoim rodze\u0144stwem ciotecznym. <\/p>\n<!-- \/wp:paragraph -->\n\n<!-- wp:image {\"id\":1121,\"sizeSlug\":\"full\",\"linkDestination\":\"media\"} -->\n<figure class=\"wp-block-image size-full\"><a href=\"http:\/\/zts.psoni.czest.pl\/wp-content\/uploads\/2021\/10\/244066594_1086359212101351_5508471563887608681_n.jpg\"><img loading=\"lazy\" width=\"1020\" height=\"765\" src=\"http:\/\/zts.psoni.czest.pl\/wp-content\/uploads\/2021\/10\/244066594_1086359212101351_5508471563887608681_n.jpg\" alt=\"\" class=\"wp-image-1121\" srcset=\"http:\/\/zts.psoni.czest.pl\/wp-content\/uploads\/2021\/10\/244066594_1086359212101351_5508471563887608681_n.jpg 1020w, http:\/\/zts.psoni.czest.pl\/wp-content\/uploads\/2021\/10\/244066594_1086359212101351_5508471563887608681_n-300x225.jpg 300w, http:\/\/zts.psoni.czest.pl\/wp-content\/uploads\/2021\/10\/244066594_1086359212101351_5508471563887608681_n-768x576.jpg 768w\" sizes=\"(max-width: 1020px) 100vw, 1020px\" \/><\/a><\/figure>\n<!-- \/wp:image -->\n\n<!-- wp:paragraph -->\n<p>Konkretny i odpowiedzialny jest r\u00f3wnie\u017c Maksymilian. Z ogromnym zapa\u0142em opowiada o sporcie i polityce. Ale nie wszystko traktuje ta powa\u017cnie, zw\u0142aszcza, gdy wchodzi na parkiet &#8211; wtedy jest kr\u00f3lem. Uwielbia ta\u0144czy\u0107, s\u0142ucha\u0107 &#8222;starego disco polo&#8221;, \u015bpiewa\u0107, dobrze si\u0119 bawi\u0107. Na co dzie\u0144 mieszka z mam\u0105 i tat\u0105. Ma rodze\u0144stwo i liczne zwierzaki. Jest fanem &#8222;Trylogii&#8221; Henryka Sienkiewicza. Lubi j\u0105 zar\u00f3wno czyta\u0107 jak i ogl\u0105da\u0107 na ekranie w re\u017cyserii Jerzego Hoffmana.<\/p>\n<!-- \/wp:paragraph -->\n\n<!-- wp:paragraph -->\n<p>\u017bycie Marka przebiega zgodnie z ustalonym planem. Spotyka si\u0119 z s\u0105siadami, ma doby charakter, jest towarzyski i pomocny. Lubi mi\u0142o sp\u0119dza\u0107 czas. Ma zadbane mieszkanie, utrzymuje w nim porz\u0105dek, dba o kwiatki i papugi. Zawsze mo\u017ce liczy\u0107 na wspomnianych s\u0105siad\u00f3w i rodze\u0144stwo &#8211; dwie siostry i dw\u00f3ch braci. Jest lubiany i lubi ludzi. Gdy pogoda dopisuje wychodzi na spacery, gdy pozostaje w domu ogl\u0105da &#8222;Wiadomo\u015bci&#8221; sport, a tak\u017ce s\u0142ucha muzyki.<\/p>\n<!-- \/wp:paragraph -->\n\n<!-- wp:image {\"id\":1123,\"sizeSlug\":\"full\",\"linkDestination\":\"media\"} -->\n<figure class=\"wp-block-image size-full\"><a href=\"http:\/\/zts.psoni.czest.pl\/wp-content\/uploads\/2021\/10\/244186462_166107009037039_3912794506792639879_n.jpg\"><img loading=\"lazy\" width=\"1020\" height=\"765\" src=\"http:\/\/zts.psoni.czest.pl\/wp-content\/uploads\/2021\/10\/244186462_166107009037039_3912794506792639879_n.jpg\" alt=\"\" class=\"wp-image-1123\" srcset=\"http:\/\/zts.psoni.czest.pl\/wp-content\/uploads\/2021\/10\/244186462_166107009037039_3912794506792639879_n.jpg 1020w, http:\/\/zts.psoni.czest.pl\/wp-content\/uploads\/2021\/10\/244186462_166107009037039_3912794506792639879_n-300x225.jpg 300w, http:\/\/zts.psoni.czest.pl\/wp-content\/uploads\/2021\/10\/244186462_166107009037039_3912794506792639879_n-768x576.jpg 768w\" sizes=\"(max-width: 1020px) 100vw, 1020px\" \/><\/a><\/figure>\n<!-- \/wp:image -->\n\n<!-- wp:paragraph -->\n<p>Robert mieszka za\u015b z mam\u0105, tat\u0105 i babci\u0105, siostra &#8211; wyprowadzi\u0142a si\u0119 i za\u0142o\u017cy\u0142a swoj\u0105 rodzin\u0119. Przyje\u017cd\u017ca jednak regularnie do swoich bliskich, dzi\u0119ki temu w domu Roberta nie brakuje go\u015bci. Obowi\u0105zk\u00f3w r\u00f3wnie\u017c, bo jak podkre\u015bla, zawsze jest co\u015b do roboty, a on czuje si\u0119 gospodarzem. Zawsze znajduje jednak czas na swoje pasje. Interesuje si\u0119 muzyk\u0105, potrafi gra\u0107 na organach, ma dwa \u015bpiewniki i z nich wybiera repertuar. Ma r\u00f3wnie\u017c zdolno\u015bci malarskie. <\/p>\n<!-- \/wp:paragraph -->\n\n<!-- wp:paragraph -->\n<p>Opowiadamy o sobie, ka\u017cdy z nas jest inny, cho\u0107 \u0142\u0105czy nas to, \u017ce jeste\u015bmy towarzyscy i potrzebujemy obecno\u015bci innych ludzi. Nie unikamy ich, chcemy bawi\u0107 si\u0119, rozmawia\u0107, spotyka\u0107 si\u0119. Jeste\u015bmy cz\u0119\u015bci\u0105 spo\u0142ecze\u0144stwa. Zaznaczamy to, \u017ce mamy w nim swoje miejsce. To dla nas wa\u017cne!<\/p>\n<!-- \/wp:paragraph -->\t\t\t\t\t<\/div>\n\t\t\t\t\t\t<\/div>\n\t\t\t\t<\/div>\n\t\t\t\t\t\t<\/div>\n\t\t\t\t\t<\/div>\n\t\t<\/div>\n\t\t\t\t\t\t\t\t<\/div>\n\t\t\t\t\t<\/div>\n\t\t<\/section>\n\t\t\t\t\t\t\t\t\t<\/div>\n\t\t\t<\/div>\n\t\t\t\t\t<\/div>\n\t\t","protected":false},"excerpt":{"rendered":"<p>Projekt pn. \u201e\u017bycie to sztuka filmowa \u2013 moje emocje\u201d finansowany z Narodowego Instytutu Wolno\u015bci \u2013 Centrum Rozwoju Spo\u0142ecze\u0144stwa Obywatelskiego ze \u015brodk\u00f3w Programu Fundusz Inicjatyw Obywatelskich NOWE FIO na lata 2021-2030. Towarzyscy, weseli, z poczuciem humoru, odpowiedzialni, pracowici &#8211; tacy jeste\u015bmy. Opowiadamy o sobie i swojej codzienno\u015bci. Iwona mieszka z mam\u0105 Bronis\u0142aw\u0105. W tym samym bloku [&hellip;]<\/p>\n","protected":false},"author":2,"featured_media":1119,"comment_status":"closed","ping_status":"closed","sticky":false,"template":"","format":"standard","meta":[],"categories":[1],"tags":[76,77],"_links":{"self":[{"href":"http:\/\/zts.psoni.czest.pl\/index.php?rest_route=\/wp\/v2\/posts\/1117"}],"collection":[{"href":"http:\/\/zts.psoni.czest.pl\/index.php?rest_route=\/wp\/v2\/posts"}],"about":[{"href":"http:\/\/zts.psoni.czest.pl\/index.php?rest_route=\/wp\/v2\/types\/post"}],"author":[{"embeddable":true,"href":"http:\/\/zts.psoni.czest.pl\/index.php?rest_route=\/wp\/v2\/users\/2"}],"replies":[{"embeddable":true,"href":"http:\/\/zts.psoni.czest.pl\/index.php?rest_route=%2Fwp%2Fv2%2Fcomments&post=1117"}],"version-history":[{"count":6,"href":"http:\/\/zts.psoni.czest.pl\/index.php?rest_route=\/wp\/v2\/posts\/1117\/revisions"}],"predecessor-version":[{"id":1372,"href":"http:\/\/zts.psoni.czest.pl\/index.php?rest_route=\/wp\/v2\/posts\/1117\/revisions\/1372"}],"wp:featuredmedia":[{"embeddable":true,"href":"http:\/\/zts.psoni.czest.pl\/index.php?rest_route=\/wp\/v2\/media\/1119"}],"wp:attachment":[{"href":"http:\/\/zts.psoni.czest.pl\/index.php?rest_route=%2Fwp%2Fv2%2Fmedia&parent=1117"}],"wp:term":[{"taxonomy":"category","embeddable":true,"href":"http:\/\/zts.psoni.czest.pl\/index.php?rest_route=%2Fwp%2Fv2%2Fcategories&post=1117"},{"taxonomy":"post_tag","embeddable":true,"href":"http:\/\/zts.psoni.czest.pl\/index.php?rest_route=%2Fwp%2Fv2%2Ftags&post=1117"}],"curies":[{"name":"wp","href":"https:\/\/api.w.org\/{rel}","templated":true}]}}