{"id":1129,"date":"2021-10-16T12:26:20","date_gmt":"2021-10-16T12:26:20","guid":{"rendered":"http:\/\/zts.psoni.czest.pl\/?p=1129"},"modified":"2022-02-01T17:13:11","modified_gmt":"2022-02-01T17:13:11","slug":"moja-mala-ojczyzna-osrodek-na-focha","status":"publish","type":"post","link":"http:\/\/zts.psoni.czest.pl\/?p=1129","title":{"rendered":"Moja ma\u0142a Ojczyzna &#8211; &#8222;O\u015brodek na Focha&#8221;"},"content":{"rendered":"\t\t<div data-elementor-type=\"wp-post\" data-elementor-id=\"1129\" class=\"elementor elementor-1129\">\n\t\t\t\t\t\t<div class=\"elementor-inner\">\n\t\t\t\t<div class=\"elementor-section-wrap\">\n\t\t\t\t\t\t\t\t\t<section class=\"elementor-section elementor-top-section elementor-element elementor-element-1c940d7 elementor-section-boxed elementor-section-height-default elementor-section-height-default\" data-id=\"1c940d7\" data-element_type=\"section\">\n\t\t\t\t\t\t<div class=\"elementor-container elementor-column-gap-default\">\n\t\t\t\t\t\t\t<div class=\"elementor-row\">\n\t\t\t\t\t<div class=\"elementor-column elementor-col-100 elementor-top-column elementor-element elementor-element-7ffe298\" data-id=\"7ffe298\" data-element_type=\"column\">\n\t\t\t<div class=\"elementor-column-wrap elementor-element-populated\">\n\t\t\t\t\t\t\t<div class=\"elementor-widget-wrap\">\n\t\t\t\t\t\t<div class=\"elementor-element elementor-element-ae9a379 elementor-widget elementor-widget-text-editor\" data-id=\"ae9a379\" data-element_type=\"widget\" data-widget_type=\"text-editor.default\">\n\t\t\t\t<div class=\"elementor-widget-container\">\n\t\t\t\t\t\t\t\t<div class=\"elementor-text-editor elementor-clearfix\">\n\t\t\t\t<p><strong>Projekt pn. \u201e\u017bycie to sztuka filmowa \u2013 moje emocje\u201d finansowany z Narodowego Instytutu Wolno\u015bci \u2013 Centrum Rozwoju Spo\u0142ecze\u0144stwa Obywatelskiego ze \u015brodk\u00f3w Programu Fundusz Inicjatyw Obywatelskich NOWE FIO na lata 2021-2030.<\/strong><\/p>\t\t\t\t\t<\/div>\n\t\t\t\t\t\t<\/div>\n\t\t\t\t<\/div>\n\t\t\t\t\t\t<\/div>\n\t\t\t\t\t<\/div>\n\t\t<\/div>\n\t\t\t\t\t\t\t\t<\/div>\n\t\t\t\t\t<\/div>\n\t\t<\/section>\n\t\t\t\t<section class=\"elementor-section elementor-top-section elementor-element elementor-element-692eee4b elementor-section-boxed elementor-section-height-default elementor-section-height-default\" data-id=\"692eee4b\" data-element_type=\"section\">\n\t\t\t\t\t\t<div class=\"elementor-container elementor-column-gap-default\">\n\t\t\t\t\t\t\t<div class=\"elementor-row\">\n\t\t\t\t\t<div class=\"elementor-column elementor-col-100 elementor-top-column elementor-element elementor-element-3ccf7621\" data-id=\"3ccf7621\" data-element_type=\"column\">\n\t\t\t<div class=\"elementor-column-wrap elementor-element-populated\">\n\t\t\t\t\t\t\t<div class=\"elementor-widget-wrap\">\n\t\t\t\t\t\t<div class=\"elementor-element elementor-element-35d9cfe6 elementor-widget elementor-widget-text-editor\" data-id=\"35d9cfe6\" data-element_type=\"widget\" data-widget_type=\"text-editor.default\">\n\t\t\t\t<div class=\"elementor-widget-container\">\n\t\t\t\t\t\t\t\t<div class=\"elementor-text-editor elementor-clearfix\">\n\t\t\t\t<!-- wp:heading -->\n<h2>My\u015bl\u0105c o Ojczy\u017anie, my\u015blimy o Polsce. Ale mamy te\u017c swoje ma\u0142e Ojczyzny. Dom rodzinny, Cz\u0119stochow\u0119 i &#8222;O\u015brodek na Focha&#8221;. Bez tego ostatniego nasze \u017cycie by\u0142oby bardzo puste.<\/h2>\n<!-- \/wp:heading -->\n\n<!-- wp:paragraph -->\n<p>Dom Dziennego Pobytu dla Os\u00f3b z Niepe\u0142nosprawno\u015bci\u0105 Intelektualn\u0105 przy ul. Focha 71A &#8211; tak brzmi pe\u0142na nazwa plac\u00f3wki, kt\u00f3r\u0105 pod tym adresem prowadzi Polskie Stowarzyszenie na Rzecz Os\u00f3b z Niepe\u0142nosprawno\u015bci\u0105 Intelektualn\u0105 Ko\u0142o w Cz\u0119stochowie. Jednak dla podopiecznych pozostaje on &#8222;O\u015brodkiem na Focha&#8221;. &#8222;Id\u0119, jad\u0119, jestem na Focha&#8221; &#8211; nie trzeba nic dodawa\u0107. Wszystko jest jasne.<\/p>\n<!-- \/wp:paragraph -->\n\n<!-- wp:paragraph -->\n<p>I jasne jest te\u017c to, dlaczego O\u015brodek jest wa\u017cny, dlaczego zas\u0142uguje miano ma\u0142ej Ojczyzny.<\/p>\n<!-- \/wp:paragraph -->\n\n<!-- wp:image {\"id\":1140,\"sizeSlug\":\"full\",\"linkDestination\":\"media\"} -->\n<figure class=\"wp-block-image size-full\"><a href=\"http:\/\/zts.psoni.czest.pl\/wp-content\/uploads\/2021\/10\/246012176_1095858494518990_3597043549088067489_n.jpg\"><img loading=\"lazy\" width=\"1020\" height=\"765\" src=\"http:\/\/zts.psoni.czest.pl\/wp-content\/uploads\/2021\/10\/246012176_1095858494518990_3597043549088067489_n.jpg\" alt=\"\" class=\"wp-image-1140\" srcset=\"http:\/\/zts.psoni.czest.pl\/wp-content\/uploads\/2021\/10\/246012176_1095858494518990_3597043549088067489_n.jpg 1020w, http:\/\/zts.psoni.czest.pl\/wp-content\/uploads\/2021\/10\/246012176_1095858494518990_3597043549088067489_n-300x225.jpg 300w, http:\/\/zts.psoni.czest.pl\/wp-content\/uploads\/2021\/10\/246012176_1095858494518990_3597043549088067489_n-768x576.jpg 768w\" sizes=\"(max-width: 1020px) 100vw, 1020px\" \/><\/a><\/figure>\n<!-- \/wp:image -->\n\n<!-- wp:paragraph -->\n<p>Iwona przychodzi tu codziennie, z samego rana pije tu ulubion\u0105 herbat\u0119 z cukrem. Potem idzie na zaj\u0119cia. Rozwi\u0105zuje wykre\u015blanki i zadania matematyczne, maluje. Jak wszyscy uczestnicy zaj\u0119\u0107, uwielbia przerw\u0119 na kaw\u0119 i s\u0142odko\u015bci (cho\u0107 ona sama zamiast kawy ponownie wybiera herbat\u0119), a tak\u017ce przerw\u0119 obiadow\u0105. Wszystko je ze smakiem.  Do domu wraca po po\u0142udniu, cz\u0119sto ma wcze\u015bniej tak\u017ce rehabilitacj\u0119. &#8211; O\u015brodek jest dla mnie bardzo wa\u017cny, tu mam ciekawe zaj\u0119cia i dobrych znajomych. Bez O\u015brodka by\u0142oby mi nudno &#8211; przyznaje.<\/p>\n<!-- \/wp:paragraph -->\n\n<!-- wp:paragraph -->\n<p>Marek przychodzi tu kilka razy w tygodniu. Dzie\u0144 zaczyna od \u015bniadania oraz rozm\u00f3w z kole\u017cankami i kolegami. Potem trzeba troch\u0119 &#8222;popracowa\u0107&#8221;, wi\u0119c idzie na zaj\u0119cia. Najch\u0119tniej podczas nich maluje malowanki. On tak\u017ce wyczekuje przerwy kawowej. Pytany o to, dlaczego O\u015brodek jest dla niego wa\u017cny odpowiada: Mam tu dobrych opiekun\u00f3w i sp\u0119dzam z nimi dobrze czas. Po\u015bwi\u0119cam go na relacje z innymi i rozrywk\u0119. Jestem z tego bardzo zadowolony.<\/p>\n<!-- \/wp:paragraph -->\n\n<!-- wp:image {\"id\":1134,\"sizeSlug\":\"large\",\"linkDestination\":\"media\"} -->\n<figure class=\"wp-block-image size-large\"><a href=\"http:\/\/zts.psoni.czest.pl\/wp-content\/uploads\/2021\/10\/245605984_669837917320552_4269421899799421913_n.jpg\"><img loading=\"lazy\" width=\"1024\" height=\"768\" src=\"http:\/\/zts.psoni.czest.pl\/wp-content\/uploads\/2021\/10\/245605984_669837917320552_4269421899799421913_n-1024x768.jpg\" alt=\"\" class=\"wp-image-1134\" srcset=\"http:\/\/zts.psoni.czest.pl\/wp-content\/uploads\/2021\/10\/245605984_669837917320552_4269421899799421913_n-1024x768.jpg 1024w, http:\/\/zts.psoni.czest.pl\/wp-content\/uploads\/2021\/10\/245605984_669837917320552_4269421899799421913_n-300x225.jpg 300w, http:\/\/zts.psoni.czest.pl\/wp-content\/uploads\/2021\/10\/245605984_669837917320552_4269421899799421913_n-768x576.jpg 768w, http:\/\/zts.psoni.czest.pl\/wp-content\/uploads\/2021\/10\/245605984_669837917320552_4269421899799421913_n-1536x1152.jpg 1536w, http:\/\/zts.psoni.czest.pl\/wp-content\/uploads\/2021\/10\/245605984_669837917320552_4269421899799421913_n.jpg 2040w\" sizes=\"(max-width: 1024px) 100vw, 1024px\" \/><\/a><\/figure>\n<!-- \/wp:image -->\n\n<!-- wp:paragraph -->\n<p>Za co O\u015brodek lubi Bartek? Za m.in. dyskoteki, karaoke, bo uwielbia z bratem \u015bpiewa\u0107 i ta\u0144czy z dziewczynami. &#8211; Lubi\u0119 O\u015brodek,bo s\u0105 tu fajne zaj\u0119cia, dobrzy kole\u017canki i koledzy, a tak\u017ce wychowawcy. W mojej sali jest g\u0142o\u015bnik i mog\u0119 tam puszcza\u0107 muzyk\u0119, a to sprawia mi rado\u015b\u0107. Wa\u017cny dla mnie jest te\u017c pan W\u0142odek, nasz wychowawca. To bardzo fajny i mi\u0142y cz\u0142owiek. Bez O\u015brodka by\u0142oby mi nudno i smutno &#8211; zaznacza.<\/p>\n<!-- \/wp:paragraph -->\n\n<!-- wp:paragraph -->\n<p>Bartek, podobnie jak Robert, jest na &#8222;Focha&#8221; codziennie. Zaj\u0119\u0107 ma tu naprawd\u0119 sporo. Jest uzdolniony manualnie, wi\u0119c rze\u017abi w drewnie, maluje (jednym z jego dzie\u0142 jest np. poka\u017anych rozmiar\u00f3w obraz &#8222;Liche\u0144&#8221;). Mn\u00f3stwo czasu sp\u0119dza w stolarni. Ale nie tylko tam lubi przebywa\u0107, na innych zaj\u0119ciach rozwi\u0105zuje bowiem sudoku. &#8211; Do O\u015brodka lubi\u0119 przychodzi\u0107 dla rozrywki i po to, \u017ceby by\u0107 mi\u0119dzy lud\u017ami i nie siedzie\u0107 tylko w domu &#8211; podkre\u015bla Robert.<\/p>\n<!-- \/wp:paragraph -->\n\n<!-- wp:image {\"id\":1137,\"sizeSlug\":\"full\",\"linkDestination\":\"media\"} -->\n<figure class=\"wp-block-image size-full\"><a href=\"http:\/\/zts.psoni.czest.pl\/wp-content\/uploads\/2021\/10\/245650687_577915320084633_1276369068682608276_n.jpg\"><img loading=\"lazy\" width=\"1020\" height=\"765\" src=\"http:\/\/zts.psoni.czest.pl\/wp-content\/uploads\/2021\/10\/245650687_577915320084633_1276369068682608276_n.jpg\" alt=\"\" class=\"wp-image-1137\" srcset=\"http:\/\/zts.psoni.czest.pl\/wp-content\/uploads\/2021\/10\/245650687_577915320084633_1276369068682608276_n.jpg 1020w, http:\/\/zts.psoni.czest.pl\/wp-content\/uploads\/2021\/10\/245650687_577915320084633_1276369068682608276_n-300x225.jpg 300w, http:\/\/zts.psoni.czest.pl\/wp-content\/uploads\/2021\/10\/245650687_577915320084633_1276369068682608276_n-768x576.jpg 768w\" sizes=\"(max-width: 1020px) 100vw, 1020px\" \/><\/a><\/figure>\n<!-- \/wp:image -->\n\n<!-- wp:paragraph -->\n<p>Dla Marty ma\u0142\u0105 Ojczyzn\u0105 jest nie tylko O\u015brodek, ale tak\u017ce podlegaj\u0105cy PSONI Klub &#8222;Parasol&#8221;. &#8211; Tam \u015bpiewamy karaoke, pijemy kaw\u0119, odpoczywamy w strefie relaksu. A w pi\u0105tki ogl\u0105damy filmy, kt\u00f3re s\u0105 losowane dzie\u0144 wcze\u015bniej przed jedn\u0105 osob\u0119. Podczas seansu zawsze mamy pocz\u0119stunek &#8211; wylicza.<\/p>\n<!-- \/wp:paragraph -->\n\n<!-- wp:paragraph -->\n<p>W klubie udziela si\u0119 ona tak\u017ce jako wolontariuszka, bardzo lubi bowiem pomaga\u0107 innym. &#8211; Klub jest spo\u0142ecznie wa\u017cny. Nale\u017cy wspiera\u0107 jego dzia\u0142ania, bo to dla nas naprawd\u0119 ma\u0142a Ojczyzna &#8211; dodaje Marta.<\/p>\n<!-- \/wp:paragraph -->\n\n<!-- wp:paragraph -->\n<p>Wszyscy wsp\u00f3lnie podkre\u015blaj\u0105, \u017ce czas najbardziej zaognionej pandemii koronawirusa by\u0142 dla nich bardzo trudny. O\u015brodek nie m\u00f3g\u0142 dzia\u0142a\u0107 normalnie, nie mogli si\u0119 spotyka\u0107, t\u0119sknili za rozmowami, spotkaniami, zaj\u0119ciami. Ka\u017cdy z nich ma nadziej\u0119, \u017ce taka sytuacja nie powt\u00f3rzy si\u0119 ju\u017c nigdy.<\/p>\n<!-- \/wp:paragraph -->\t\t\t\t\t<\/div>\n\t\t\t\t\t\t<\/div>\n\t\t\t\t<\/div>\n\t\t\t\t\t\t<\/div>\n\t\t\t\t\t<\/div>\n\t\t<\/div>\n\t\t\t\t\t\t\t\t<\/div>\n\t\t\t\t\t<\/div>\n\t\t<\/section>\n\t\t\t\t\t\t\t\t\t<\/div>\n\t\t\t<\/div>\n\t\t\t\t\t<\/div>\n\t\t","protected":false},"excerpt":{"rendered":"<p>Projekt pn. \u201e\u017bycie to sztuka filmowa \u2013 moje emocje\u201d finansowany z Narodowego Instytutu Wolno\u015bci \u2013 Centrum Rozwoju Spo\u0142ecze\u0144stwa Obywatelskiego ze \u015brodk\u00f3w Programu Fundusz Inicjatyw Obywatelskich NOWE FIO na lata 2021-2030. My\u015bl\u0105c o Ojczy\u017anie, my\u015blimy o Polsce. Ale mamy te\u017c swoje ma\u0142e Ojczyzny. Dom rodzinny, Cz\u0119stochow\u0119 i &#8222;O\u015brodek na Focha&#8221;. Bez tego ostatniego nasze \u017cycie by\u0142oby [&hellip;]<\/p>\n","protected":false},"author":2,"featured_media":1142,"comment_status":"closed","ping_status":"closed","sticky":false,"template":"","format":"standard","meta":[],"categories":[1],"tags":[],"_links":{"self":[{"href":"http:\/\/zts.psoni.czest.pl\/index.php?rest_route=\/wp\/v2\/posts\/1129"}],"collection":[{"href":"http:\/\/zts.psoni.czest.pl\/index.php?rest_route=\/wp\/v2\/posts"}],"about":[{"href":"http:\/\/zts.psoni.czest.pl\/index.php?rest_route=\/wp\/v2\/types\/post"}],"author":[{"embeddable":true,"href":"http:\/\/zts.psoni.czest.pl\/index.php?rest_route=\/wp\/v2\/users\/2"}],"replies":[{"embeddable":true,"href":"http:\/\/zts.psoni.czest.pl\/index.php?rest_route=%2Fwp%2Fv2%2Fcomments&post=1129"}],"version-history":[{"count":10,"href":"http:\/\/zts.psoni.czest.pl\/index.php?rest_route=\/wp\/v2\/posts\/1129\/revisions"}],"predecessor-version":[{"id":1357,"href":"http:\/\/zts.psoni.czest.pl\/index.php?rest_route=\/wp\/v2\/posts\/1129\/revisions\/1357"}],"wp:featuredmedia":[{"embeddable":true,"href":"http:\/\/zts.psoni.czest.pl\/index.php?rest_route=\/wp\/v2\/media\/1142"}],"wp:attachment":[{"href":"http:\/\/zts.psoni.czest.pl\/index.php?rest_route=%2Fwp%2Fv2%2Fmedia&parent=1129"}],"wp:term":[{"taxonomy":"category","embeddable":true,"href":"http:\/\/zts.psoni.czest.pl\/index.php?rest_route=%2Fwp%2Fv2%2Fcategories&post=1129"},{"taxonomy":"post_tag","embeddable":true,"href":"http:\/\/zts.psoni.czest.pl\/index.php?rest_route=%2Fwp%2Fv2%2Ftags&post=1129"}],"curies":[{"name":"wp","href":"https:\/\/api.w.org\/{rel}","templated":true}]}}