{"id":1151,"date":"2021-10-16T17:25:31","date_gmt":"2021-10-16T17:25:31","guid":{"rendered":"http:\/\/zts.psoni.czest.pl\/?p=1151"},"modified":"2022-02-01T17:13:06","modified_gmt":"2022-02-01T17:13:06","slug":"moja-mala-ojczyzna-dom-rodzinny","status":"publish","type":"post","link":"http:\/\/zts.psoni.czest.pl\/?p=1151","title":{"rendered":"Moja ma\u0142a Ojczyzna &#8211; dom rodzinny"},"content":{"rendered":"\t\t<div data-elementor-type=\"wp-post\" data-elementor-id=\"1151\" class=\"elementor elementor-1151\">\n\t\t\t\t\t\t<div class=\"elementor-inner\">\n\t\t\t\t<div class=\"elementor-section-wrap\">\n\t\t\t\t\t\t\t\t\t<section class=\"elementor-section elementor-top-section elementor-element elementor-element-9ddc271 elementor-section-boxed elementor-section-height-default elementor-section-height-default\" data-id=\"9ddc271\" data-element_type=\"section\">\n\t\t\t\t\t\t<div class=\"elementor-container elementor-column-gap-default\">\n\t\t\t\t\t\t\t<div class=\"elementor-row\">\n\t\t\t\t\t<div class=\"elementor-column elementor-col-100 elementor-top-column elementor-element elementor-element-51466fb\" data-id=\"51466fb\" data-element_type=\"column\">\n\t\t\t<div class=\"elementor-column-wrap elementor-element-populated\">\n\t\t\t\t\t\t\t<div class=\"elementor-widget-wrap\">\n\t\t\t\t\t\t<div class=\"elementor-element elementor-element-d1138c3 elementor-widget elementor-widget-text-editor\" data-id=\"d1138c3\" data-element_type=\"widget\" data-widget_type=\"text-editor.default\">\n\t\t\t\t<div class=\"elementor-widget-container\">\n\t\t\t\t\t\t\t\t<div class=\"elementor-text-editor elementor-clearfix\">\n\t\t\t\t<p><strong>Projekt pn. \u201e\u017bycie to sztuka filmowa \u2013 moje emocje\u201d finansowany z Narodowego Instytutu Wolno\u015bci \u2013 Centrum Rozwoju Spo\u0142ecze\u0144stwa Obywatelskiego ze \u015brodk\u00f3w Programu Fundusz Inicjatyw Obywatelskich NOWE FIO na lata 2021-2030.<\/strong><\/p>\t\t\t\t\t<\/div>\n\t\t\t\t\t\t<\/div>\n\t\t\t\t<\/div>\n\t\t\t\t\t\t<\/div>\n\t\t\t\t\t<\/div>\n\t\t<\/div>\n\t\t\t\t\t\t\t\t<\/div>\n\t\t\t\t\t<\/div>\n\t\t<\/section>\n\t\t\t\t<section class=\"elementor-section elementor-top-section elementor-element elementor-element-1ca88f40 elementor-section-boxed elementor-section-height-default elementor-section-height-default\" data-id=\"1ca88f40\" data-element_type=\"section\">\n\t\t\t\t\t\t<div class=\"elementor-container elementor-column-gap-default\">\n\t\t\t\t\t\t\t<div class=\"elementor-row\">\n\t\t\t\t\t<div class=\"elementor-column elementor-col-100 elementor-top-column elementor-element elementor-element-606e31e8\" data-id=\"606e31e8\" data-element_type=\"column\">\n\t\t\t<div class=\"elementor-column-wrap elementor-element-populated\">\n\t\t\t\t\t\t\t<div class=\"elementor-widget-wrap\">\n\t\t\t\t\t\t<div class=\"elementor-element elementor-element-78fd3dfc elementor-widget elementor-widget-text-editor\" data-id=\"78fd3dfc\" data-element_type=\"widget\" data-widget_type=\"text-editor.default\">\n\t\t\t\t<div class=\"elementor-widget-container\">\n\t\t\t\t\t\t\t\t<div class=\"elementor-text-editor elementor-clearfix\">\n\t\t\t\t<!-- wp:heading -->\n<h2>Maj\u0105 Ojczyzn\u0105 jest dla nas nie tylko opisywany ju\u017c &#8222;O\u015brodek na Focha&#8221;, Cz\u0119stochowa, ale i nasz dom rodzinny. To on daje nam poczucie bezpiecze\u0144stwa. Ta warto\u015b\u0107 ma dla nas szczeg\u00f3lne wra\u017cenie.<\/h2>\n<!-- \/wp:heading -->\n\n<!-- wp:paragraph -->\n<p>Nasze domy i rodziny s\u0105 r\u00f3\u017cne, podobnie, jak my sami r\u00f3\u017cnimy si\u0119 od siebie. Wszystkie \u0142\u0105czy jednak to, \u017ce tam czujemy si\u0119 bezpieczni, kochani, akceptowani, potrzebni. Oto nasze domy rodzinne. Nasze ma\u0142e Ojczyzny.<\/p>\n<!-- \/wp:paragraph -->\n\n<!-- wp:image {\"id\":1136,\"sizeSlug\":\"full\",\"linkDestination\":\"media\"} -->\n<figure class=\"wp-block-image size-full\"><a href=\"http:\/\/zts.psoni.czest.pl\/wp-content\/uploads\/2021\/10\/245648988_1247148919094652_4477663188699318083_n.jpg\"><img loading=\"lazy\" width=\"1020\" height=\"765\" src=\"http:\/\/zts.psoni.czest.pl\/wp-content\/uploads\/2021\/10\/245648988_1247148919094652_4477663188699318083_n.jpg\" alt=\"\" class=\"wp-image-1136\" srcset=\"http:\/\/zts.psoni.czest.pl\/wp-content\/uploads\/2021\/10\/245648988_1247148919094652_4477663188699318083_n.jpg 1020w, http:\/\/zts.psoni.czest.pl\/wp-content\/uploads\/2021\/10\/245648988_1247148919094652_4477663188699318083_n-300x225.jpg 300w, http:\/\/zts.psoni.czest.pl\/wp-content\/uploads\/2021\/10\/245648988_1247148919094652_4477663188699318083_n-768x576.jpg 768w\" sizes=\"(max-width: 1020px) 100vw, 1020px\" \/><\/a><\/figure>\n<!-- \/wp:image -->\n\n<!-- wp:paragraph -->\n<p>Robert mieszka z mam\u0105, tat\u0105 i babci\u0105. Co tydzie\u0144 odwiedza go r\u00f3wnie\u017c siostra, szwagier i ich dzieci. W domu nie brakuje wi\u0119c rado\u015bci. Dom to dla niego: odpoczynek, sen, odwiedziny, organy, ale i obowi\u0105zki &#8211; jak np. mycie okien. Najbardziej lubi sw\u00f3j pok\u00f3j, w kt\u00f3rym znajduje si\u0119 m.in. telewizor, wersalka i komputer. Du\u017co czasu sp\u0119dza te\u017c z najbli\u017cszymi w kuchni, tam przygotowuj\u0105 wsp\u00f3lnie \u015bniadania, obiady i kolacje.<\/p>\n<!-- \/wp:paragraph -->\n\n<!-- wp:paragraph -->\n<p>Pok\u00f3j Marty wyr\u00f3\u017cnia tapeta z palmami. To jej strefa relaksu. W swoim pokoju prowadzi skrupulatnie gazetk\u0119 &#8222;Nasz \u015awiat&#8221;, zajmuje si\u0119 &#8222;D\u017awi\u0119kodzie\u0142em&#8221;, czyta, \u0107wiczy z krokomierzem. Dom rodzinny kojarzy jej si\u0119 przede wszystkim z bezpiecze\u0144stwem i z mam\u0105, kt\u00f3ra wspiera j\u0105 w realizacji licznych pasji.<\/p>\n<!-- \/wp:paragraph -->\n\n<!-- wp:image {\"id\":1132,\"sizeSlug\":\"full\",\"linkDestination\":\"media\"} -->\n<figure class=\"wp-block-image size-full\"><a href=\"http:\/\/zts.psoni.czest.pl\/wp-content\/uploads\/2021\/10\/245511515_307539884087830_8923393806825051829_n.jpg\"><img loading=\"lazy\" width=\"1020\" height=\"765\" src=\"http:\/\/zts.psoni.czest.pl\/wp-content\/uploads\/2021\/10\/245511515_307539884087830_8923393806825051829_n.jpg\" alt=\"\" class=\"wp-image-1132\" srcset=\"http:\/\/zts.psoni.czest.pl\/wp-content\/uploads\/2021\/10\/245511515_307539884087830_8923393806825051829_n.jpg 1020w, http:\/\/zts.psoni.czest.pl\/wp-content\/uploads\/2021\/10\/245511515_307539884087830_8923393806825051829_n-300x225.jpg 300w, http:\/\/zts.psoni.czest.pl\/wp-content\/uploads\/2021\/10\/245511515_307539884087830_8923393806825051829_n-768x576.jpg 768w\" sizes=\"(max-width: 1020px) 100vw, 1020px\" \/><\/a><\/figure>\n<!-- \/wp:image -->\n\n<!-- wp:paragraph -->\n<p>Dla Iwony dom to: spok\u00f3j, bezpiecze\u0144stwo, rodzina, muzyka i jej ukochana kolekcja ksi\u0105\u017cek. Na czytanie po\u015bwi\u0119ca ka\u017cd\u0105 woln\u0105 chwil\u0119. Nie ma dla niej nic przyjemniejszego. Tomy trzyma w swoim pokoju, kt\u00f3ry jest niewielki, ale przytulny. Mie\u015bci si\u0119 w nim komoda z telewizorem, st\u00f3\u0142, krzese\u0142ka, \u0142\u00f3\u017cko i szafa na ubrania. Na \u015bcianach po\u0142o\u017cona jest bia\u0142a tapeta w kwiatki. W mieszkaniu w bloku mieszka razem z mam\u0105, jednak regularnie odwiedza je brat Darek z \u017con\u0105 i synem. W tym samym budynku mieszka r\u00f3wnie\u017c chrzestna Iwony, kt\u00f3ra r\u00f3wnie cz\u0119sto go\u015bci w jej domu.<\/p>\n<!-- \/wp:paragraph -->\n\n<!-- wp:image {\"id\":1133,\"sizeSlug\":\"full\",\"linkDestination\":\"media\"} -->\n<figure class=\"wp-block-image size-full\"><a href=\"http:\/\/zts.psoni.czest.pl\/wp-content\/uploads\/2021\/10\/245565269_231406382382197_3938861200578429885_n.jpg\"><img loading=\"lazy\" width=\"1020\" height=\"765\" src=\"http:\/\/zts.psoni.czest.pl\/wp-content\/uploads\/2021\/10\/245565269_231406382382197_3938861200578429885_n.jpg\" alt=\"\" class=\"wp-image-1133\" srcset=\"http:\/\/zts.psoni.czest.pl\/wp-content\/uploads\/2021\/10\/245565269_231406382382197_3938861200578429885_n.jpg 1020w, http:\/\/zts.psoni.czest.pl\/wp-content\/uploads\/2021\/10\/245565269_231406382382197_3938861200578429885_n-300x225.jpg 300w, http:\/\/zts.psoni.czest.pl\/wp-content\/uploads\/2021\/10\/245565269_231406382382197_3938861200578429885_n-768x576.jpg 768w\" sizes=\"(max-width: 1020px) 100vw, 1020px\" \/><\/a><\/figure>\n<!-- \/wp:image -->\n\n<!-- wp:paragraph -->\n<p>Pytany o dom Maksymilian opowiada o go\u015bciach, rodzinie, imprezach urodzinowych i spotkaniach towarzyskich. W domu musi by\u0107 gwaro i weso\u0142o. Ale musz\u0105 by\u0107 te\u017c obowi\u0105zki. Tych Maksowi nie brakuje, jest mistrzem w rozwieszaniu prania, segregowaniu, sk\u0142adaniu i prasowaniu ubra\u0144. Miejsce na to jest na strychu. Tam ma swoje gospodarskie kr\u00f3lestwo. Drugie mie\u015bci si\u0119 w jego pokoju podzielonym na stref\u0119 do nauki i stref\u0119 odpoczynku. Tu trzyma m.in. swoje ulubione ksi\u0105\u017cki, w tym opowie\u015b\u0107 o Robin Hoodzie. <\/p>\n<!-- \/wp:paragraph -->\t\t\t\t\t<\/div>\n\t\t\t\t\t\t<\/div>\n\t\t\t\t<\/div>\n\t\t\t\t\t\t<\/div>\n\t\t\t\t\t<\/div>\n\t\t<\/div>\n\t\t\t\t\t\t\t\t<\/div>\n\t\t\t\t\t<\/div>\n\t\t<\/section>\n\t\t\t\t\t\t\t\t\t<\/div>\n\t\t\t<\/div>\n\t\t\t\t\t<\/div>\n\t\t","protected":false},"excerpt":{"rendered":"<p>Projekt pn. \u201e\u017bycie to sztuka filmowa \u2013 moje emocje\u201d finansowany z Narodowego Instytutu Wolno\u015bci \u2013 Centrum Rozwoju Spo\u0142ecze\u0144stwa Obywatelskiego ze \u015brodk\u00f3w Programu Fundusz Inicjatyw Obywatelskich NOWE FIO na lata 2021-2030. Maj\u0105 Ojczyzn\u0105 jest dla nas nie tylko opisywany ju\u017c &#8222;O\u015brodek na Focha&#8221;, Cz\u0119stochowa, ale i nasz dom rodzinny. To on daje nam poczucie bezpiecze\u0144stwa. Ta [&hellip;]<\/p>\n","protected":false},"author":2,"featured_media":1131,"comment_status":"closed","ping_status":"closed","sticky":false,"template":"","format":"standard","meta":[],"categories":[1],"tags":[],"_links":{"self":[{"href":"http:\/\/zts.psoni.czest.pl\/index.php?rest_route=\/wp\/v2\/posts\/1151"}],"collection":[{"href":"http:\/\/zts.psoni.czest.pl\/index.php?rest_route=\/wp\/v2\/posts"}],"about":[{"href":"http:\/\/zts.psoni.czest.pl\/index.php?rest_route=\/wp\/v2\/types\/post"}],"author":[{"embeddable":true,"href":"http:\/\/zts.psoni.czest.pl\/index.php?rest_route=\/wp\/v2\/users\/2"}],"replies":[{"embeddable":true,"href":"http:\/\/zts.psoni.czest.pl\/index.php?rest_route=%2Fwp%2Fv2%2Fcomments&post=1151"}],"version-history":[{"count":8,"href":"http:\/\/zts.psoni.czest.pl\/index.php?rest_route=\/wp\/v2\/posts\/1151\/revisions"}],"predecessor-version":[{"id":1354,"href":"http:\/\/zts.psoni.czest.pl\/index.php?rest_route=\/wp\/v2\/posts\/1151\/revisions\/1354"}],"wp:featuredmedia":[{"embeddable":true,"href":"http:\/\/zts.psoni.czest.pl\/index.php?rest_route=\/wp\/v2\/media\/1131"}],"wp:attachment":[{"href":"http:\/\/zts.psoni.czest.pl\/index.php?rest_route=%2Fwp%2Fv2%2Fmedia&parent=1151"}],"wp:term":[{"taxonomy":"category","embeddable":true,"href":"http:\/\/zts.psoni.czest.pl\/index.php?rest_route=%2Fwp%2Fv2%2Fcategories&post=1151"},{"taxonomy":"post_tag","embeddable":true,"href":"http:\/\/zts.psoni.czest.pl\/index.php?rest_route=%2Fwp%2Fv2%2Ftags&post=1151"}],"curies":[{"name":"wp","href":"https:\/\/api.w.org\/{rel}","templated":true}]}}