{"id":1180,"date":"2021-11-17T10:19:00","date_gmt":"2021-11-17T10:19:00","guid":{"rendered":"http:\/\/zts.psoni.czest.pl\/?p=1180"},"modified":"2022-02-01T17:11:42","modified_gmt":"2022-02-01T17:11:42","slug":"ii-ogolnopolski-festiwal-piosenki-podworkowej-relacja-dziennikarzy-z-warsztatow-dziennikarskich","status":"publish","type":"post","link":"http:\/\/zts.psoni.czest.pl\/?p=1180","title":{"rendered":"II Og\u00f3lnopolski Festiwal Piosenki Podw\u00f3rkowej &#8211; relacja dziennikarzy z warsztat\u00f3w dziennikarskich"},"content":{"rendered":"\t\t<div data-elementor-type=\"wp-post\" data-elementor-id=\"1180\" class=\"elementor elementor-1180\">\n\t\t\t\t\t\t<div class=\"elementor-inner\">\n\t\t\t\t<div class=\"elementor-section-wrap\">\n\t\t\t\t\t\t\t\t\t<section class=\"elementor-section elementor-top-section elementor-element elementor-element-3cffbaf elementor-section-boxed elementor-section-height-default elementor-section-height-default\" data-id=\"3cffbaf\" data-element_type=\"section\">\n\t\t\t\t\t\t<div class=\"elementor-container elementor-column-gap-default\">\n\t\t\t\t\t\t\t<div class=\"elementor-row\">\n\t\t\t\t\t<div class=\"elementor-column elementor-col-100 elementor-top-column elementor-element elementor-element-7d99dfc\" data-id=\"7d99dfc\" data-element_type=\"column\">\n\t\t\t<div class=\"elementor-column-wrap elementor-element-populated\">\n\t\t\t\t\t\t\t<div class=\"elementor-widget-wrap\">\n\t\t\t\t\t\t<div class=\"elementor-element elementor-element-eb3aa75 elementor-widget elementor-widget-text-editor\" data-id=\"eb3aa75\" data-element_type=\"widget\" data-widget_type=\"text-editor.default\">\n\t\t\t\t<div class=\"elementor-widget-container\">\n\t\t\t\t\t\t\t\t<div class=\"elementor-text-editor elementor-clearfix\">\n\t\t\t\t<p><strong>Projekt pn. \u201e\u017bycie to sztuka filmowa \u2013 moje emocje\u201d finansowany z Narodowego Instytutu Wolno\u015bci \u2013 Centrum Rozwoju Spo\u0142ecze\u0144stwa Obywatelskiego ze \u015brodk\u00f3w Programu Fundusz Inicjatyw Obywatelskich NOWE FIO na lata 2021-2030.<\/strong><\/p>\t\t\t\t\t<\/div>\n\t\t\t\t\t\t<\/div>\n\t\t\t\t<\/div>\n\t\t\t\t\t\t<\/div>\n\t\t\t\t\t<\/div>\n\t\t<\/div>\n\t\t\t\t\t\t\t\t<\/div>\n\t\t\t\t\t<\/div>\n\t\t<\/section>\n\t\t\t\t<section class=\"elementor-section elementor-top-section elementor-element elementor-element-64524b90 elementor-section-boxed elementor-section-height-default elementor-section-height-default\" data-id=\"64524b90\" data-element_type=\"section\">\n\t\t\t\t\t\t<div class=\"elementor-container elementor-column-gap-default\">\n\t\t\t\t\t\t\t<div class=\"elementor-row\">\n\t\t\t\t\t<div class=\"elementor-column elementor-col-100 elementor-top-column elementor-element elementor-element-8c7c138\" data-id=\"8c7c138\" data-element_type=\"column\">\n\t\t\t<div class=\"elementor-column-wrap elementor-element-populated\">\n\t\t\t\t\t\t\t<div class=\"elementor-widget-wrap\">\n\t\t\t\t\t\t<div class=\"elementor-element elementor-element-32a3b211 elementor-widget elementor-widget-text-editor\" data-id=\"32a3b211\" data-element_type=\"widget\" data-widget_type=\"text-editor.default\">\n\t\t\t\t<div class=\"elementor-widget-container\">\n\t\t\t\t\t\t\t\t<div class=\"elementor-text-editor elementor-clearfix\">\n\t\t\t\t<!-- wp:heading -->\n<h2 id=\"na-tegorocznym-ii-ogolnopolskim-festiwalu-piosenki-podworkowej-nie-moglo-zabraknac-przedstawicieli-warsztatow-dziennikarskich-oto-ich-relacja\">Na tegorocznym II Og\u00f3lnopolskim Festiwalu Piosenki Podw\u00f3rkowej nie mog\u0142o zabrakn\u0105\u0107 przedstawicieli warsztat\u00f3w dziennikarskich. Oto ich relacja.<\/h2>\n<!-- \/wp:heading -->\n\n<!-- wp:paragraph -->\n<p>Muzyczn\u0105 imprez\u0119 od 17 lat organizuje Polskie Stowarzyszenie Na Rzecz Os\u00f3b z Niepe\u0142nosprawno\u015bci\u0105 Intelektualn\u0105 Ko\u0142o w Cz\u0119stochowie. Przez ten czas zmienia\u0142a ona swoj\u0105 rang\u0119. Najpierw impreza mia\u0142a charakter lokalny, potem sta\u0142a si\u0119 festiwalem powiatowym, dzi\u015b obejmuje ju\u017c ca\u0142y kraj.<\/p>\n<!-- \/wp:paragraph -->\n\n<!-- wp:paragraph -->\n<p>II Og\u00f3lnopolski Festiwal Piosenki Podw\u00f3rkowej odby\u0142 si\u0119 16 listopada w Hali Sportowej Cz\u0119stochowa. Bawi\u0142o si\u0119 tu blisko 600 uczestnik\u00f3w. Poprzednia, pierwsza og\u00f3lnopolska edycja, organizowana by\u0142a on-line, a wcze\u015bniejsze w Hali Polonia. Warto doda\u0107, \u017ce nowe miejsce bardzo spodoba\u0142o si\u0119 go\u015bciom i uczestnikom imprezy.<\/p>\n<!-- \/wp:paragraph -->\n\n<!-- wp:paragraph -->\n<p>Tegorocznej imprezie towarzyszy\u0142o has\u0142o \u201cRok 2021 \u2013 Rokiem G\u00f3rali w wojew\u00f3dztwie \u015bl\u0105skim\u201d. Nie dziwi wi\u0119c i dob\u00f3r repertuaru. W Cz\u0119stochowie mo\u017cna by\u0142o pos\u0142ucha\u0107 takich hit\u00f3w jak \u201cZasiali G\u00f3rale\u201d, \u201cHej, szala\u0142a, szala\u0142a\u201d, \u201cBo joCie kochom\u201d, \u201cG\u00f3ralu czy Ci nie \u017cal\u201d czy \u201cHej, bystra woda\u201d. Wykonywali je przedstawiciele szk\u00f3\u0142, o\u015brodk\u00f3w wsparcia, a tak\u017ce instytucji i stowarzysze\u0144 zajmuj\u0105cych si\u0119 osobami z niepe\u0142nosprawno\u015bciami (i to nie tylko intelektualnymi). Obok przedstawicieli Cz\u0119stochowy, nie brakowa\u0142o te\u017c go\u015bci m.in. z Pruszkowa, Pabianic, Trzebnicy, Be\u0142chatowa czy \u0141odzi.<\/p>\n<!-- \/wp:paragraph -->\n\n<!-- wp:image {\"id\":1183,\"sizeSlug\":\"full\",\"linkDestination\":\"media\"} -->\n<figure class=\"wp-block-image size-full\"><a href=\"http:\/\/zts.psoni.czest.pl\/wp-content\/uploads\/2021\/11\/PiosenkaPodworkowa2.jpg\"><img loading=\"lazy\" width=\"940\" height=\"788\" src=\"http:\/\/zts.psoni.czest.pl\/wp-content\/uploads\/2021\/11\/PiosenkaPodworkowa2.jpg\" alt=\"\" class=\"wp-image-1183\" srcset=\"http:\/\/zts.psoni.czest.pl\/wp-content\/uploads\/2021\/11\/PiosenkaPodworkowa2.jpg 940w, http:\/\/zts.psoni.czest.pl\/wp-content\/uploads\/2021\/11\/PiosenkaPodworkowa2-300x251.jpg 300w, http:\/\/zts.psoni.czest.pl\/wp-content\/uploads\/2021\/11\/PiosenkaPodworkowa2-768x644.jpg 768w\" sizes=\"(max-width: 940px) 100vw, 940px\" \/><\/a><\/figure>\n<!-- \/wp:image -->\n\n<!-- wp:paragraph -->\n<p>Festiwal poprowadzi\u0142 Robert \u201cChoinka\u201d Choi\u0144ski, kt\u00f3ry od dawna wspiera PSONI, a wyst\u0119py oceni\u0142a komisja, kt\u00f3rej przewodzi\u0142 Irek Bieleninik (oddany przyjaciel Stowarzyszenia). W\u015br\u00f3d juror\u00f3w znale\u017ali si\u0119 Janusz \u201cYanina\u201d Iwa\u0144ski, Ma\u0142gorzata I\u017cy\u0144ska, Micha\u0142 Rorat, Ma\u0142gorzata Mruszczyk, Tomasz Tyl, Mariusz Chrz\u0105stek (kt\u00f3ry co roku tworzy niezwyk\u0142e statuetki dla laureat\u00f3w festiwalu), Artur Szmaciarski oraz Robert i Mariola Cyranowscy. Na sali nie brak\u0142o r\u00f3wnie\u017c wyj\u0105tkowych go\u015bci \u2013 przedstawicieli w\u0142adz miasta, miejskich instytucji kulturalnych i organizacji po\u017cytku publicznego.<\/p>\n<!-- \/wp:paragraph -->\n\n<!-- wp:paragraph -->\n<p>Po nie\u0142atwych obradach jury, triumfatorem festiwalu zostali reprezentanci PSONI ko\u0142o w Miechowie. Laury przyni\u00f3s\u0142 im \u201cG\u00f3ralski remix\u201d.<\/p>\n<!-- \/wp:paragraph -->\n\n<!-- wp:paragraph -->\n<p>Wydarzenie by\u0142o wsp\u00f3\u0142finansowane przez Wojew\u00f3dztwo \u015al\u0105skie w ramach zada\u0144 publicznych w dziedzinie kultury oraz ochrony i upowszechniania dziedzictwa kulturowego w 2021 r. Festiwal otrzyma\u0142 r\u00f3wnie\u017c dofinansowanie ze \u015brodk\u00f3w PFRON oraz Gminy Miasta Cz\u0119stochowa.<\/p>\n<!-- \/wp:paragraph -->\t\t\t\t\t<\/div>\n\t\t\t\t\t\t<\/div>\n\t\t\t\t<\/div>\n\t\t\t\t\t\t<\/div>\n\t\t\t\t\t<\/div>\n\t\t<\/div>\n\t\t\t\t\t\t\t\t<\/div>\n\t\t\t\t\t<\/div>\n\t\t<\/section>\n\t\t\t\t\t\t\t\t\t<\/div>\n\t\t\t<\/div>\n\t\t\t\t\t<\/div>\n\t\t","protected":false},"excerpt":{"rendered":"<p>Projekt pn. \u201e\u017bycie to sztuka filmowa \u2013 moje emocje\u201d finansowany z Narodowego Instytutu Wolno\u015bci \u2013 Centrum Rozwoju Spo\u0142ecze\u0144stwa Obywatelskiego ze \u015brodk\u00f3w Programu Fundusz Inicjatyw Obywatelskich NOWE FIO na lata 2021-2030. Na tegorocznym II Og\u00f3lnopolskim Festiwalu Piosenki Podw\u00f3rkowej nie mog\u0142o zabrakn\u0105\u0107 przedstawicieli warsztat\u00f3w dziennikarskich. Oto ich relacja. Muzyczn\u0105 imprez\u0119 od 17 lat organizuje Polskie Stowarzyszenie Na [&hellip;]<\/p>\n","protected":false},"author":2,"featured_media":1182,"comment_status":"closed","ping_status":"closed","sticky":false,"template":"","format":"standard","meta":[],"categories":[1],"tags":[],"_links":{"self":[{"href":"http:\/\/zts.psoni.czest.pl\/index.php?rest_route=\/wp\/v2\/posts\/1180"}],"collection":[{"href":"http:\/\/zts.psoni.czest.pl\/index.php?rest_route=\/wp\/v2\/posts"}],"about":[{"href":"http:\/\/zts.psoni.czest.pl\/index.php?rest_route=\/wp\/v2\/types\/post"}],"author":[{"embeddable":true,"href":"http:\/\/zts.psoni.czest.pl\/index.php?rest_route=\/wp\/v2\/users\/2"}],"replies":[{"embeddable":true,"href":"http:\/\/zts.psoni.czest.pl\/index.php?rest_route=%2Fwp%2Fv2%2Fcomments&post=1180"}],"version-history":[{"count":5,"href":"http:\/\/zts.psoni.czest.pl\/index.php?rest_route=\/wp\/v2\/posts\/1180\/revisions"}],"predecessor-version":[{"id":1318,"href":"http:\/\/zts.psoni.czest.pl\/index.php?rest_route=\/wp\/v2\/posts\/1180\/revisions\/1318"}],"wp:featuredmedia":[{"embeddable":true,"href":"http:\/\/zts.psoni.czest.pl\/index.php?rest_route=\/wp\/v2\/media\/1182"}],"wp:attachment":[{"href":"http:\/\/zts.psoni.czest.pl\/index.php?rest_route=%2Fwp%2Fv2%2Fmedia&parent=1180"}],"wp:term":[{"taxonomy":"category","embeddable":true,"href":"http:\/\/zts.psoni.czest.pl\/index.php?rest_route=%2Fwp%2Fv2%2Fcategories&post=1180"},{"taxonomy":"post_tag","embeddable":true,"href":"http:\/\/zts.psoni.czest.pl\/index.php?rest_route=%2Fwp%2Fv2%2Ftags&post=1180"}],"curies":[{"name":"wp","href":"https:\/\/api.w.org\/{rel}","templated":true}]}}