{"id":1185,"date":"2021-11-25T12:58:04","date_gmt":"2021-11-25T12:58:04","guid":{"rendered":"http:\/\/zts.psoni.czest.pl\/?p=1185"},"modified":"2022-02-01T17:10:32","modified_gmt":"2022-02-01T17:10:32","slug":"moje-emocje-ii-ogolnopolski-festiwal-piosenki-podworkowej-relacje-uczestnikow","status":"publish","type":"post","link":"http:\/\/zts.psoni.czest.pl\/?p=1185","title":{"rendered":"Moje emocje. II Og\u00f3lnopolski Festiwal Piosenki Podw\u00f3rkowej &#8211; relacje uczestnik\u00f3w"},"content":{"rendered":"\t\t<div data-elementor-type=\"wp-post\" data-elementor-id=\"1185\" class=\"elementor elementor-1185\">\n\t\t\t\t\t\t<div class=\"elementor-inner\">\n\t\t\t\t<div class=\"elementor-section-wrap\">\n\t\t\t\t\t\t\t\t\t<section class=\"elementor-section elementor-top-section elementor-element elementor-element-e93e809 elementor-section-boxed elementor-section-height-default elementor-section-height-default\" data-id=\"e93e809\" data-element_type=\"section\">\n\t\t\t\t\t\t<div class=\"elementor-container elementor-column-gap-default\">\n\t\t\t\t\t\t\t<div class=\"elementor-row\">\n\t\t\t\t\t<div class=\"elementor-column elementor-col-100 elementor-top-column elementor-element elementor-element-96f3b09\" data-id=\"96f3b09\" data-element_type=\"column\">\n\t\t\t<div class=\"elementor-column-wrap elementor-element-populated\">\n\t\t\t\t\t\t\t<div class=\"elementor-widget-wrap\">\n\t\t\t\t\t\t<div class=\"elementor-element elementor-element-ef17b32 elementor-widget elementor-widget-text-editor\" data-id=\"ef17b32\" data-element_type=\"widget\" data-widget_type=\"text-editor.default\">\n\t\t\t\t<div class=\"elementor-widget-container\">\n\t\t\t\t\t\t\t\t<div class=\"elementor-text-editor elementor-clearfix\">\n\t\t\t\t<p><strong>Projekt pn. \u201e\u017bycie to sztuka filmowa \u2013 moje emocje\u201d finansowany z Narodowego Instytutu Wolno\u015bci \u2013 Centrum Rozwoju Spo\u0142ecze\u0144stwa Obywatelskiego ze \u015brodk\u00f3w Programu Fundusz Inicjatyw Obywatelskich NOWE FIO na lata 2021-2030.<\/strong><\/p>\t\t\t\t\t<\/div>\n\t\t\t\t\t\t<\/div>\n\t\t\t\t<\/div>\n\t\t\t\t\t\t<\/div>\n\t\t\t\t\t<\/div>\n\t\t<\/div>\n\t\t\t\t\t\t\t\t<\/div>\n\t\t\t\t\t<\/div>\n\t\t<\/section>\n\t\t\t\t<section class=\"elementor-section elementor-top-section elementor-element elementor-element-66d42a6e elementor-section-boxed elementor-section-height-default elementor-section-height-default\" data-id=\"66d42a6e\" data-element_type=\"section\">\n\t\t\t\t\t\t<div class=\"elementor-container elementor-column-gap-default\">\n\t\t\t\t\t\t\t<div class=\"elementor-row\">\n\t\t\t\t\t<div class=\"elementor-column elementor-col-100 elementor-top-column elementor-element elementor-element-ef62405\" data-id=\"ef62405\" data-element_type=\"column\">\n\t\t\t<div class=\"elementor-column-wrap elementor-element-populated\">\n\t\t\t\t\t\t\t<div class=\"elementor-widget-wrap\">\n\t\t\t\t\t\t<div class=\"elementor-element elementor-element-3b352951 elementor-widget elementor-widget-text-editor\" data-id=\"3b352951\" data-element_type=\"widget\" data-widget_type=\"text-editor.default\">\n\t\t\t\t<div class=\"elementor-widget-container\">\n\t\t\t\t\t\t\t\t<div class=\"elementor-text-editor elementor-clearfix\">\n\t\t\t\t<!-- wp:heading -->\n<h2 id=\"grupa-dziennikarska-podczas-ii-ogolnopolskiego-festiwalu-piosenki-podworkowej-nie-proznowala-przeprowadzila-rozmowy-nie-tylko-z-organizatorami-goscmi-i-jurorami-imprezy-ale-rowniez-z-najwazniejszymi-osobami-czyli-uczestnikami-ktorzy-przybyli-do-czestochowy-z-roznych-zakatkow-polski\">Grupa dziennikarska podczas II Og\u00f3lnopolskiego Festiwalu Piosenki Podw\u00f3rkowej nie pr\u00f3\u017cnowa\u0142a. Przeprowadzi\u0142a rozmowy nie tylko z organizatorami, go\u015b\u0107mi i jurorami imprezy, ale r\u00f3wnie\u017c z najwa\u017cniejszymi osobami, czyli uczestnikami, kt\u00f3rzy przybyli do Cz\u0119stochowy z r\u00f3\u017cnych zak\u0105tk\u00f3w Polski.<\/h2>\n<!-- \/wp:heading -->\n\n<!-- wp:paragraph -->\n<p>Co z tych rozm\u00f3w wynik\u0142o? Odda\u0142y one ogrom zaanga\u017cowania, pasji i trudu, kt\u00f3re blisko 30 grup w\u0142o\u017cy\u0142o w to, \u017ceby 16 listopada wyst\u0105pi\u0107 na scenie Hali Sportowej Cz\u0119stochowa. Zapami\u0119tanie tekstu, nauka \u015bpiewu i choreografii nie s\u0105 \u0142atwe. Jednym zaj\u0119\u0142o to tydzie\u0144, innym kilka miesi\u0119cy. <\/p>\n<!-- \/wp:paragraph -->\n\n<!-- wp:paragraph -->\n<p>Nie wszystko przychodzi od razu. Potrzebne s\u0105 pr\u00f3by, wsparcie, motywacja. Uczestnicy powtarzali, \u017ce najwa\u017cniejsze co mo\u017cna us\u0142ysze\u0107 to: dasz rad\u0119, potrafisz, uda si\u0119, wierz\u0119 w Ciebie. St\u0105d tak wa\u017cne jest wsparcie, kt\u00f3rego udzielali opiekunowie grup.<\/p>\n<!-- \/wp:paragraph -->\n\n<!-- wp:image {\"id\":1202,\"sizeSlug\":\"full\",\"linkDestination\":\"media\"} -->\n<figure class=\"wp-block-image size-full\"><a href=\"http:\/\/zts.psoni.czest.pl\/wp-content\/uploads\/2021\/11\/PiosenkaPodworkowa6-1.jpg\"><img loading=\"lazy\" width=\"940\" height=\"788\" src=\"http:\/\/zts.psoni.czest.pl\/wp-content\/uploads\/2021\/11\/PiosenkaPodworkowa6-1.jpg\" alt=\"\" class=\"wp-image-1202\" srcset=\"http:\/\/zts.psoni.czest.pl\/wp-content\/uploads\/2021\/11\/PiosenkaPodworkowa6-1.jpg 940w, http:\/\/zts.psoni.czest.pl\/wp-content\/uploads\/2021\/11\/PiosenkaPodworkowa6-1-300x251.jpg 300w, http:\/\/zts.psoni.czest.pl\/wp-content\/uploads\/2021\/11\/PiosenkaPodworkowa6-1-768x644.jpg 768w\" sizes=\"(max-width: 940px) 100vw, 940px\" \/><\/a><\/figure>\n<!-- \/wp:image -->\n\n<!-- wp:paragraph -->\n<p>Co jeszcze jest potrzebne? Odwaga. &#8222;Mam trem\u0119, stresuj\u0119 si\u0119, tyle os\u00f3b b\u0119dzie mnie ogl\u0105da\u0107&#8221; &#8211; jak prze\u0142ama\u0107 takie my\u015blenie? Zaprezentowanie si\u0119 przed wszystkimi to naprawd\u0119 wyzwanie. &#8222;A jak mnie kto\u015b wy\u015bmieje?&#8221; &#8211; takich obaw nie brakuje.<\/p>\n<!-- \/wp:paragraph -->\n\n<!-- wp:paragraph -->\n<p>Osoby z niepe\u0142nosprawno\u015bciami na co dzie\u0144 mierz\u0105 si\u0119 z ocenianiem, pi\u0119tnowaniem, poczuciem inno\u015bci. Na szcz\u0119\u015bcie takie podzia\u0142y nie maj\u0105 miejsca podczas organizowanego przez PSONI II Og\u00f3lnopolskiego Festiwalu Piosenki Podw\u00f3rkowej. Tutaj panuje przyjazna atmosfera. Nie ma presji, zaci\u0119tej walki o punkty, dogryzania sobie, przykrych uwag. Tu brawa zawsze s\u0105 szczere i od serca. Ka\u017cdy czuje si\u0119 r\u00f3wny, tak samo wa\u017cny. M\u00f3wi\u0105c o emocjach, poczucie integracji i bycia cz\u0119\u015bci\u0105 wsp\u00f3lnoty jest dla wszystkich niezwykle wa\u017cne. <\/p>\n<!-- \/wp:paragraph -->\n\n<!-- wp:image {\"id\":1204,\"sizeSlug\":\"full\",\"linkDestination\":\"media\"} -->\n<figure class=\"wp-block-image size-full\"><a href=\"http:\/\/zts.psoni.czest.pl\/wp-content\/uploads\/2021\/11\/PiosenkaPodworkowa4.jpg\"><img loading=\"lazy\" width=\"940\" height=\"788\" src=\"http:\/\/zts.psoni.czest.pl\/wp-content\/uploads\/2021\/11\/PiosenkaPodworkowa4.jpg\" alt=\"\" class=\"wp-image-1204\" srcset=\"http:\/\/zts.psoni.czest.pl\/wp-content\/uploads\/2021\/11\/PiosenkaPodworkowa4.jpg 940w, http:\/\/zts.psoni.czest.pl\/wp-content\/uploads\/2021\/11\/PiosenkaPodworkowa4-300x251.jpg 300w, http:\/\/zts.psoni.czest.pl\/wp-content\/uploads\/2021\/11\/PiosenkaPodworkowa4-768x644.jpg 768w\" sizes=\"(max-width: 940px) 100vw, 940px\" \/><\/a><\/figure>\n<!-- \/wp:image -->\n\n<!-- wp:paragraph -->\n<p>&#8211;  Tutaj czuj\u0119 si\u0119 dobrze &#8211; powtarzali uczestnicy. &#8211; Nie boj\u0119 wyst\u0105pi\u0107, nawet je\u015bli mam trem\u0119. <\/p>\n<!-- \/wp:paragraph -->\n\n<!-- wp:paragraph -->\n<p>&#8211; Mam dobre przeczucia, musi si\u0119 uda\u0107 &#8211; m\u00f3wiono dziennikarzom.<\/p>\n<!-- \/wp:paragraph -->\n\n<!-- wp:paragraph -->\n<p>&#8211; Atmosfera jest fajna. Ludzie mili. Za rok te\u017c wyst\u0105pi\u0119 &#8211; powtarzano. <\/p>\n<!-- \/wp:paragraph -->\n\n<!-- wp:paragraph -->\n<p>&#8211; Czuj\u0119, \u017ce scena to m\u00f3j \u017cywio\u0142. Brawa by\u0142y super &#8211; cieszono si\u0119 po wyst\u0119pie. <\/p>\n<!-- \/wp:paragraph -->\n\n<!-- wp:paragraph -->\n<p>Na pytanie czy takie imprezy jak festiwal s\u0105 potrzebne, odpowiedzi by\u0142y jednog\u0142o\u015bne: tak, bardzo, koniecznie. Nie by\u0142o chyba osoby, kt\u00f3ra nie czeka z ut\u0119sknieniem na kolejn\u0105 edycj\u0119. <\/p>\n<!-- \/wp:paragraph -->\t\t\t\t\t<\/div>\n\t\t\t\t\t\t<\/div>\n\t\t\t\t<\/div>\n\t\t\t\t\t\t<\/div>\n\t\t\t\t\t<\/div>\n\t\t<\/div>\n\t\t\t\t\t\t\t\t<\/div>\n\t\t\t\t\t<\/div>\n\t\t<\/section>\n\t\t\t\t\t\t\t\t\t<\/div>\n\t\t\t<\/div>\n\t\t\t\t\t<\/div>\n\t\t","protected":false},"excerpt":{"rendered":"<p>Projekt pn. \u201e\u017bycie to sztuka filmowa \u2013 moje emocje\u201d finansowany z Narodowego Instytutu Wolno\u015bci \u2013 Centrum Rozwoju Spo\u0142ecze\u0144stwa Obywatelskiego ze \u015brodk\u00f3w Programu Fundusz Inicjatyw Obywatelskich NOWE FIO na lata 2021-2030. Grupa dziennikarska podczas II Og\u00f3lnopolskiego Festiwalu Piosenki Podw\u00f3rkowej nie pr\u00f3\u017cnowa\u0142a. Przeprowadzi\u0142a rozmowy nie tylko z organizatorami, go\u015b\u0107mi i jurorami imprezy, ale r\u00f3wnie\u017c z najwa\u017cniejszymi osobami, [&hellip;]<\/p>\n","protected":false},"author":2,"featured_media":1203,"comment_status":"closed","ping_status":"closed","sticky":false,"template":"","format":"standard","meta":[],"categories":[1],"tags":[],"_links":{"self":[{"href":"http:\/\/zts.psoni.czest.pl\/index.php?rest_route=\/wp\/v2\/posts\/1185"}],"collection":[{"href":"http:\/\/zts.psoni.czest.pl\/index.php?rest_route=\/wp\/v2\/posts"}],"about":[{"href":"http:\/\/zts.psoni.czest.pl\/index.php?rest_route=\/wp\/v2\/types\/post"}],"author":[{"embeddable":true,"href":"http:\/\/zts.psoni.czest.pl\/index.php?rest_route=\/wp\/v2\/users\/2"}],"replies":[{"embeddable":true,"href":"http:\/\/zts.psoni.czest.pl\/index.php?rest_route=%2Fwp%2Fv2%2Fcomments&post=1185"}],"version-history":[{"count":6,"href":"http:\/\/zts.psoni.czest.pl\/index.php?rest_route=\/wp\/v2\/posts\/1185\/revisions"}],"predecessor-version":[{"id":1300,"href":"http:\/\/zts.psoni.czest.pl\/index.php?rest_route=\/wp\/v2\/posts\/1185\/revisions\/1300"}],"wp:featuredmedia":[{"embeddable":true,"href":"http:\/\/zts.psoni.czest.pl\/index.php?rest_route=\/wp\/v2\/media\/1203"}],"wp:attachment":[{"href":"http:\/\/zts.psoni.czest.pl\/index.php?rest_route=%2Fwp%2Fv2%2Fmedia&parent=1185"}],"wp:term":[{"taxonomy":"category","embeddable":true,"href":"http:\/\/zts.psoni.czest.pl\/index.php?rest_route=%2Fwp%2Fv2%2Fcategories&post=1185"},{"taxonomy":"post_tag","embeddable":true,"href":"http:\/\/zts.psoni.czest.pl\/index.php?rest_route=%2Fwp%2Fv2%2Ftags&post=1185"}],"curies":[{"name":"wp","href":"https:\/\/api.w.org\/{rel}","templated":true}]}}