{"id":1206,"date":"2021-10-25T12:59:00","date_gmt":"2021-10-25T12:59:00","guid":{"rendered":"http:\/\/zts.psoni.czest.pl\/?p=1206"},"modified":"2022-02-01T17:12:20","modified_gmt":"2022-02-01T17:12:20","slug":"z-wizyta-w-czestochowskiej-redakcji-gazety-regionalnej","status":"publish","type":"post","link":"http:\/\/zts.psoni.czest.pl\/?p=1206","title":{"rendered":"Z wizyt\u0105 w cz\u0119stochowskiej redakcji &#8222;Gazety Regionalnej&#8221;"},"content":{"rendered":"\t\t<div data-elementor-type=\"wp-post\" data-elementor-id=\"1206\" class=\"elementor elementor-1206\">\n\t\t\t\t\t\t<div class=\"elementor-inner\">\n\t\t\t\t<div class=\"elementor-section-wrap\">\n\t\t\t\t\t\t\t\t\t<section class=\"elementor-section elementor-top-section elementor-element elementor-element-1640d23 elementor-section-boxed elementor-section-height-default elementor-section-height-default\" data-id=\"1640d23\" data-element_type=\"section\">\n\t\t\t\t\t\t<div class=\"elementor-container elementor-column-gap-default\">\n\t\t\t\t\t\t\t<div class=\"elementor-row\">\n\t\t\t\t\t<div class=\"elementor-column elementor-col-100 elementor-top-column elementor-element elementor-element-7890d53\" data-id=\"7890d53\" data-element_type=\"column\">\n\t\t\t<div class=\"elementor-column-wrap elementor-element-populated\">\n\t\t\t\t\t\t\t<div class=\"elementor-widget-wrap\">\n\t\t\t\t\t\t<div class=\"elementor-element elementor-element-c551175 elementor-widget elementor-widget-text-editor\" data-id=\"c551175\" data-element_type=\"widget\" data-widget_type=\"text-editor.default\">\n\t\t\t\t<div class=\"elementor-widget-container\">\n\t\t\t\t\t\t\t\t<div class=\"elementor-text-editor elementor-clearfix\">\n\t\t\t\t<p><strong>Projekt pn. \u201e\u017bycie to sztuka filmowa \u2013 moje emocje\u201d finansowany z Narodowego Instytutu Wolno\u015bci \u2013 Centrum Rozwoju Spo\u0142ecze\u0144stwa Obywatelskiego ze \u015brodk\u00f3w Programu Fundusz Inicjatyw Obywatelskich NOWE FIO na lata 2021-2030.<\/strong><\/p>\t\t\t\t\t<\/div>\n\t\t\t\t\t\t<\/div>\n\t\t\t\t<\/div>\n\t\t\t\t\t\t<\/div>\n\t\t\t\t\t<\/div>\n\t\t<\/div>\n\t\t\t\t\t\t\t\t<\/div>\n\t\t\t\t\t<\/div>\n\t\t<\/section>\n\t\t\t\t<section class=\"elementor-section elementor-top-section elementor-element elementor-element-5e6f9737 elementor-section-boxed elementor-section-height-default elementor-section-height-default\" data-id=\"5e6f9737\" data-element_type=\"section\">\n\t\t\t\t\t\t<div class=\"elementor-container elementor-column-gap-default\">\n\t\t\t\t\t\t\t<div class=\"elementor-row\">\n\t\t\t\t\t<div class=\"elementor-column elementor-col-100 elementor-top-column elementor-element elementor-element-20c5a514\" data-id=\"20c5a514\" data-element_type=\"column\">\n\t\t\t<div class=\"elementor-column-wrap elementor-element-populated\">\n\t\t\t\t\t\t\t<div class=\"elementor-widget-wrap\">\n\t\t\t\t\t\t<div class=\"elementor-element elementor-element-2f48d0dc elementor-widget elementor-widget-text-editor\" data-id=\"2f48d0dc\" data-element_type=\"widget\" data-widget_type=\"text-editor.default\">\n\t\t\t\t<div class=\"elementor-widget-container\">\n\t\t\t\t\t\t\t\t<div class=\"elementor-text-editor elementor-clearfix\">\n\t\t\t\t<!-- wp:heading -->\n<h2 id=\"nie-ma-cenniejszej-lekcji-zawodu-niz-poznanie-go-od-kuchni-grupa-dziennikarska-odwiedzila-wiec-czestochowska-redakcje-gazety-regionalnej\">Nie ma cenniejszej lekcji zawodu ni\u017c poznanie go od kuchni. Grupa dziennikarska odwiedzi\u0142a wi\u0119c cz\u0119stochowsk\u0105 redakcj\u0119 &#8222;Gazety Regionalnej&#8221;. <\/h2>\n<!-- \/wp:heading -->\n\n<!-- wp:paragraph -->\n<p>Redakcja &#8222;Gazety Regionalnej&#8221; mie\u015bci si\u0119 przy al. Ko\u015bciuszki 13 lok. 6. Grupa dziennikarska odwiedzi\u0142a j\u0105 we wtorek, 19 pa\u017adziernika. Dla uczestnik\u00f3w wycieczki by\u0142a to cenna lekcja tego, jak wygl\u0105da zaw\u00f3d dziennikarza i praca w profesjonalnej redakcji. <\/p>\n<!-- \/wp:paragraph -->\n\n<!-- wp:paragraph -->\n<p>Nie jest to \u0142atwa bran\u017ca. Tu liczy si\u0119 czas, terminy, gotowo\u015b\u0107 do pracy. Zw\u0142aszcza, \u017ce wiadomo\u015bci ukazuj\u0105 si\u0119 nie tylko w internecie, czyli na stronie www.gazetaregionalna.pl, ale r\u00f3wnie\u017c w wydaniach papierowych. Gazeta jest darmowa i mo\u017cna j\u0105 znale\u017a\u0107 w r\u00f3\u017cnych puntach miasta m.in. C.H. Jagiello\u0144czycy, Teatrze im. A. Mickiewicza, w Urz\u0119dzie Miasta czy Filharmonii Cz\u0119stochowskiej. To sprawia, \u017ce zainteresowanie tym tytu\u0142em jest naprawd\u0119 spore, a &#8222;Gazeta Regionalna&#8221; ma powi\u0119kszaj\u0105ce si\u0119 grono czytelnik\u00f3w. <\/p>\n<!-- \/wp:paragraph -->\n\n<!-- wp:paragraph -->\n<p>Wydania papierowe ukazuj\u0105 si\u0119 w formie tygodnika, zawsze w pi\u0105tki. Ka\u017cda gazeta liczy minimum 16-stron  &#8211; zawsze musi by\u0107 parzy\u015bcie, a wydania powi\u0119ksza si\u0119 o cztery strony &#8211; to pami\u0119taj\u0105 ju\u017c dobrze dziennikarze PSONI. St\u0105d wydania maj\u0105ce 20, 24 czy 32 strony. Rekordem w dotychczasowej historii &#8222;Gazety Regionalnej&#8221; by\u0142 licz\u0105cy ponad 80 stron dodatek na 100-lecie pi\u0142karskiego Rakowa. Warsztatowicze obejrzeli to wydanie i stwierdzili, \u017ce bardziej przypomina ksi\u0105\u017ck\u0119 ni\u017c gazet\u0119.<\/p>\n<!-- \/wp:paragraph -->\n\n<!-- wp:paragraph -->\n<p>\u017beby z\u0142o\u017cy\u0107 wydanie konieczna jest szczeg\u00f3\u0142owa makieta. To taki plan, dzi\u0119ki kt\u00f3remu wiemy jaki artyku\u0142 czy reklama mie\u015bci si\u0119 na danej stronie. Ka\u017cda strona jest oznaczona. Wiadomo\u015bci z Cz\u0119stochowy jako &#8222;Cz\u0119stochowa&#8221;, z regionu jako &#8222;Region&#8221;, zapowiedzi imprez i wydarze\u0144 jako &#8222;Kultura&#8221;, poradniki zdrowotne jako &#8222;Zdrowie&#8221;, a te dotycz\u0105ce wn\u0119trz i mieszka\u0144 jako &#8222;Dom&#8221;, teksty gospodarcze ukazuj\u0105 si\u0119 jako &#8222;Czas na Biznes!&#8221;, a newsy sportowe jako oczywi\u015bcie &#8222;Sport&#8221;. Ka\u017cdy dziennikarz ma swoj\u0105 dzia\u0142k\u0119. Jeden \u015bledzi wiadomo\u015bci z Cz\u0119stochowy, zmiany, inwestycje, problemy mieszka\u0144c\u00f3w, inny zajmuje si\u0119 Lubli\u0144cem, Myszkowem, K\u0142obuckiem i Radomskiem (w tych miastach tak\u017ce pojawia si\u0119 &#8222;Gazeta Regionalna&#8221;). Kolejna osoba specjalizuje si\u0119 w kulturze, inna w tzw. tekstach bran\u017cowych, a jeszcze inna &#8211; jest specjalist\u0105 w dziedzinie sportu.<\/p>\n<!-- \/wp:paragraph -->\n\n<!-- wp:paragraph -->\n<p>Przy tworzeniu ka\u017cdej informacji (bez wzgl\u0119du na temat) konieczne jest rzetelne podej\u015bcie do sprawy i sprawdzone, pewne informacje. Nie wolno wprowadza\u0107 w czytelnik\u00f3w w b\u0142\u0105d. Pisanie tekst\u00f3w, kt\u00f3re czytaj\u0105 setki czy tysi\u0105ce os\u00f3b to ogromna odpowiedzialno\u015b\u0107. <\/p>\n<!-- \/wp:paragraph -->\n\n<!-- wp:paragraph -->\n<p>Opowie\u015bci o dziennikarzach tworz\u0105cych grup\u0119 dziennikarsk\u0105 tak\u017ce trafi\u0142y do &#8222;Gazety Regionalnej&#8221;. Publikacj\u0105, kt\u00f3ra ukaza\u0142a si\u0119 22 pa\u017adziernika na stronie 2, stanowi dla uczestnik\u00f3w podw\u00f3d do dumy i cenn\u0105 pami\u0105tk\u0119. Skan z tego wydania prezentujemy poni\u017cej.<\/p>\n<!-- \/wp:paragraph -->\n\n<!-- wp:image {\"id\":1208,\"sizeSlug\":\"large\",\"linkDestination\":\"media\"} -->\n<figure class=\"wp-block-image size-large\"><a href=\"http:\/\/zts.psoni.czest.pl\/wp-content\/uploads\/2021\/11\/gazeta.jpg\"><img loading=\"lazy\" width=\"1024\" height=\"576\" src=\"http:\/\/zts.psoni.czest.pl\/wp-content\/uploads\/2021\/11\/gazeta-1024x576.jpg\" alt=\"\" class=\"wp-image-1208\" srcset=\"http:\/\/zts.psoni.czest.pl\/wp-content\/uploads\/2021\/11\/gazeta-1024x576.jpg 1024w, http:\/\/zts.psoni.czest.pl\/wp-content\/uploads\/2021\/11\/gazeta-300x169.jpg 300w, http:\/\/zts.psoni.czest.pl\/wp-content\/uploads\/2021\/11\/gazeta-768x432.jpg 768w, http:\/\/zts.psoni.czest.pl\/wp-content\/uploads\/2021\/11\/gazeta-1536x864.jpg 1536w, http:\/\/zts.psoni.czest.pl\/wp-content\/uploads\/2021\/11\/gazeta.jpg 1920w\" sizes=\"(max-width: 1024px) 100vw, 1024px\" \/><\/a><\/figure>\n<!-- \/wp:image -->\n\n<!-- wp:paragraph -->\n<p>Grupa dziennikarska mia\u0142a mo\u017cliwo\u015b\u0107 podejrze\u0107 to, jak powsta\u0142 ten numer. Ca\u0142o\u015b\u0107 liczy\u0142a 24 strony. Na otwarcie trafi\u0142a zapowied\u017a Festiwalu Smaku. Na stronach cz\u0119stochowskich pisano m.in. o zmianach w Galerii Jurajskiej, a na regionie &#8211; o lublinieckiej nagrodzie &#8222;Kapelusz Edyty&#8221; i Z\u0142otych Godach w \u017barkach. &#8222;Kultura&#8221; by\u0142a po\u015bwi\u0119cona charytatywnej aukcji sztuki, wystawie &#8222;Chwila i trwanie&#8221;, spektaklowi &#8222;Za\u017cynki&#8221; oraz koncertowi grupy Lady Pank. By\u0142y te\u017c strony dedykowane gastronomii i wspomnianemu ju\u017c 10. Festiwalowi Smaku. Nie brak\u0142o te\u017c miejsca na &#8222;Zdrowie&#8221; czy &#8222;Podr\u00f3\u017ce&#8221;. A na &#8222;Sporcie&#8221; przeczytali\u015bmy m.in. o wygranej Rakowa i pora\u017cce Skry. <\/p>\n<!-- \/wp:paragraph -->\t\t\t\t\t<\/div>\n\t\t\t\t\t\t<\/div>\n\t\t\t\t<\/div>\n\t\t\t\t\t\t<\/div>\n\t\t\t\t\t<\/div>\n\t\t<\/div>\n\t\t\t\t\t\t\t\t<\/div>\n\t\t\t\t\t<\/div>\n\t\t<\/section>\n\t\t\t\t\t\t\t\t\t<\/div>\n\t\t\t<\/div>\n\t\t\t\t\t<\/div>\n\t\t","protected":false},"excerpt":{"rendered":"<p>Projekt pn. \u201e\u017bycie to sztuka filmowa \u2013 moje emocje\u201d finansowany z Narodowego Instytutu Wolno\u015bci \u2013 Centrum Rozwoju Spo\u0142ecze\u0144stwa Obywatelskiego ze \u015brodk\u00f3w Programu Fundusz Inicjatyw Obywatelskich NOWE FIO na lata 2021-2030. Nie ma cenniejszej lekcji zawodu ni\u017c poznanie go od kuchni. Grupa dziennikarska odwiedzi\u0142a wi\u0119c cz\u0119stochowsk\u0105 redakcj\u0119 &#8222;Gazety Regionalnej&#8221;. Redakcja &#8222;Gazety Regionalnej&#8221; mie\u015bci si\u0119 przy al. [&hellip;]<\/p>\n","protected":false},"author":2,"featured_media":1207,"comment_status":"closed","ping_status":"closed","sticky":false,"template":"","format":"standard","meta":[],"categories":[1],"tags":[],"_links":{"self":[{"href":"http:\/\/zts.psoni.czest.pl\/index.php?rest_route=\/wp\/v2\/posts\/1206"}],"collection":[{"href":"http:\/\/zts.psoni.czest.pl\/index.php?rest_route=\/wp\/v2\/posts"}],"about":[{"href":"http:\/\/zts.psoni.czest.pl\/index.php?rest_route=\/wp\/v2\/types\/post"}],"author":[{"embeddable":true,"href":"http:\/\/zts.psoni.czest.pl\/index.php?rest_route=\/wp\/v2\/users\/2"}],"replies":[{"embeddable":true,"href":"http:\/\/zts.psoni.czest.pl\/index.php?rest_route=%2Fwp%2Fv2%2Fcomments&post=1206"}],"version-history":[{"count":4,"href":"http:\/\/zts.psoni.czest.pl\/index.php?rest_route=\/wp\/v2\/posts\/1206\/revisions"}],"predecessor-version":[{"id":1342,"href":"http:\/\/zts.psoni.czest.pl\/index.php?rest_route=\/wp\/v2\/posts\/1206\/revisions\/1342"}],"wp:featuredmedia":[{"embeddable":true,"href":"http:\/\/zts.psoni.czest.pl\/index.php?rest_route=\/wp\/v2\/media\/1207"}],"wp:attachment":[{"href":"http:\/\/zts.psoni.czest.pl\/index.php?rest_route=%2Fwp%2Fv2%2Fmedia&parent=1206"}],"wp:term":[{"taxonomy":"category","embeddable":true,"href":"http:\/\/zts.psoni.czest.pl\/index.php?rest_route=%2Fwp%2Fv2%2Fcategories&post=1206"},{"taxonomy":"post_tag","embeddable":true,"href":"http:\/\/zts.psoni.czest.pl\/index.php?rest_route=%2Fwp%2Fv2%2Ftags&post=1206"}],"curies":[{"name":"wp","href":"https:\/\/api.w.org\/{rel}","templated":true}]}}