{"id":15,"date":"2021-06-03T11:37:00","date_gmt":"2021-06-03T11:37:00","guid":{"rendered":"http:\/\/zts.psoni.czest.pl\/?p=15"},"modified":"2022-02-01T17:15:07","modified_gmt":"2022-02-01T17:15:07","slug":"psoni-kolo-w-czestochowie-poznajmy-sie-lepiej","status":"publish","type":"post","link":"http:\/\/zts.psoni.czest.pl\/?p=15","title":{"rendered":"PSONI ko\u0142o w Cz\u0119stochowie. Poznajmy si\u0119 lepiej!"},"content":{"rendered":"\t\t<div data-elementor-type=\"wp-post\" data-elementor-id=\"15\" class=\"elementor elementor-15\">\n\t\t\t\t\t\t<div class=\"elementor-inner\">\n\t\t\t\t<div class=\"elementor-section-wrap\">\n\t\t\t\t\t\t\t\t\t<section class=\"elementor-section elementor-top-section elementor-element elementor-element-5fd0700 elementor-section-boxed elementor-section-height-default elementor-section-height-default\" data-id=\"5fd0700\" data-element_type=\"section\">\n\t\t\t\t\t\t<div class=\"elementor-container elementor-column-gap-default\">\n\t\t\t\t\t\t\t<div class=\"elementor-row\">\n\t\t\t\t\t<div class=\"elementor-column elementor-col-100 elementor-top-column elementor-element elementor-element-a0f598d\" data-id=\"a0f598d\" data-element_type=\"column\">\n\t\t\t<div class=\"elementor-column-wrap elementor-element-populated\">\n\t\t\t\t\t\t\t<div class=\"elementor-widget-wrap\">\n\t\t\t\t\t\t<div class=\"elementor-element elementor-element-2fdcf9a elementor-widget elementor-widget-text-editor\" data-id=\"2fdcf9a\" data-element_type=\"widget\" data-widget_type=\"text-editor.default\">\n\t\t\t\t<div class=\"elementor-widget-container\">\n\t\t\t\t\t\t\t\t<div class=\"elementor-text-editor elementor-clearfix\">\n\t\t\t\t<p><strong>Projekt pn. \u201e\u017bycie to sztuka filmowa \u2013 moje emocje\u201d finansowany z Narodowego Instytutu Wolno\u015bci \u2013 Centrum Rozwoju Spo\u0142ecze\u0144stwa Obywatelskiego ze \u015brodk\u00f3w Programu Fundusz Inicjatyw Obywatelskich NOWE FIO na lata 2021-2030.<\/strong><\/p>\t\t\t\t\t<\/div>\n\t\t\t\t\t\t<\/div>\n\t\t\t\t<\/div>\n\t\t\t\t\t\t<\/div>\n\t\t\t\t\t<\/div>\n\t\t<\/div>\n\t\t\t\t\t\t\t\t<\/div>\n\t\t\t\t\t<\/div>\n\t\t<\/section>\n\t\t\t\t<section class=\"elementor-section elementor-top-section elementor-element elementor-element-498939b5 elementor-section-boxed elementor-section-height-default elementor-section-height-default\" data-id=\"498939b5\" data-element_type=\"section\">\n\t\t\t\t\t\t<div class=\"elementor-container elementor-column-gap-default\">\n\t\t\t\t\t\t\t<div class=\"elementor-row\">\n\t\t\t\t\t<div class=\"elementor-column elementor-col-100 elementor-top-column elementor-element elementor-element-15a08fa2\" data-id=\"15a08fa2\" data-element_type=\"column\">\n\t\t\t<div class=\"elementor-column-wrap elementor-element-populated\">\n\t\t\t\t\t\t\t<div class=\"elementor-widget-wrap\">\n\t\t\t\t\t\t<div class=\"elementor-element elementor-element-52580fc2 elementor-widget elementor-widget-text-editor\" data-id=\"52580fc2\" data-element_type=\"widget\" data-widget_type=\"text-editor.default\">\n\t\t\t\t<div class=\"elementor-widget-container\">\n\t\t\t\t\t\t\t\t<div class=\"elementor-text-editor elementor-clearfix\">\n\t\t\t\tPolskie Stowarzyszenie na Rzecz Os\u00f3b z Niepe\u0142nosprawno\u015bci\u0105 Intelektualn\u0105 jest organizacj\u0105 pozarz\u0105dow\u0105, niedochodow\u0105 i samopomocow\u0105.\n\n<figure id=\"attachment_5\" aria-describedby=\"caption-attachment-5\" style=\"width: 230px\" class=\"wp-caption alignnone\"><a href=\"http:\/\/zts.psoni.czest.pl\/wp-content\/uploads\/2018\/06\/logo1.png\"><img loading=\"lazy\" class=\"size-full wp-image-5\" src=\"http:\/\/zts.psoni.czest.pl\/wp-content\/uploads\/2018\/06\/logo1.png\" alt=\"PSONI Cz\u0119stochowa\" width=\"230\" height=\"125\" \/><\/a><figcaption id=\"caption-attachment-5\" class=\"wp-caption-text\">PSONI Cz\u0119stochowa<\/figcaption><\/figure>\n\nStowarzyszenie jest kontynuatorem dzia\u0142alno\u015bci za\u0142o\u017conego w\u00a0 1963 roku Komitetu Pomocy Dzieciom Specjalnej Troski przy Towarzystwie Przyjaci\u00f3\u0142 Dzieci oraz k\u00f3\u0142 tere\u00adnowych, przemianowa\u00adnego od 1984 roku na Krajowy Komitet Po\u00admocy Osobom z Upo\u015bledzeniem Umys\u0142owym. Dotyczy to w szczeg\u00f3lno\u015bci kontynuowania cz\u0142onkostwa Komitetu Po\u00admocy Dzieciom Specjalnej Troski (od 1970 r.) w Mi\u0119dzynarodowej Lidze Stowarzysze\u0144 na Rzecz Os\u00f3b z Upo\u015bledzeniem Umys\u0142owym.\n\nCelem Stowarzyszenia jest dzia\u0142anie na rzecz wyr\u00f3wnywania szans os\u00f3b z upo\u015bledzeniem umys\u0142owym, tworzenia warun\u00adk\u00f3w prze\u00adstrzegania wobec nich praw cz\u0142owieka, prowadzenia ich ku aktywnemu uczestnictwu w \u017cyciu spo\u0142ecznym, dzia\u0142anie na rzecz ochrony ich zdrowia, oraz wspie\u00adranie ich rodzin.\n\nO dzia\u0142alno\u015bci Polskiego Stowarzyszenia na Rzecz Os\u00f3b z Niepe\u0142nosprawno\u015bci\u0105 Intelektualn\u0105 Ko\u0142a w Cz\u0119stochowie mo\u017cna wi\u0119cej przeczyta\u0107 na stronie internetowej: <strong>psoni.czest.pl.<\/strong>\t\t\t\t\t<\/div>\n\t\t\t\t\t\t<\/div>\n\t\t\t\t<\/div>\n\t\t\t\t\t\t<\/div>\n\t\t\t\t\t<\/div>\n\t\t<\/div>\n\t\t\t\t\t\t\t\t<\/div>\n\t\t\t\t\t<\/div>\n\t\t<\/section>\n\t\t\t\t\t\t\t\t\t<\/div>\n\t\t\t<\/div>\n\t\t\t\t\t<\/div>\n\t\t","protected":false},"excerpt":{"rendered":"<p>Projekt pn. \u201e\u017bycie to sztuka filmowa \u2013 moje emocje\u201d finansowany z Narodowego Instytutu Wolno\u015bci \u2013 Centrum Rozwoju Spo\u0142ecze\u0144stwa Obywatelskiego ze \u015brodk\u00f3w Programu Fundusz Inicjatyw Obywatelskich NOWE FIO na lata 2021-2030. Polskie Stowarzyszenie na Rzecz Os\u00f3b z Niepe\u0142nosprawno\u015bci\u0105 Intelektualn\u0105 jest organizacj\u0105 pozarz\u0105dow\u0105, niedochodow\u0105 i samopomocow\u0105. Stowarzyszenie jest kontynuatorem dzia\u0142alno\u015bci za\u0142o\u017conego w\u00a0 1963 roku Komitetu Pomocy Dzieciom [&hellip;]<\/p>\n","protected":false},"author":1,"featured_media":0,"comment_status":"open","ping_status":"open","sticky":false,"template":"","format":"image","meta":[],"categories":[1],"tags":[],"_links":{"self":[{"href":"http:\/\/zts.psoni.czest.pl\/index.php?rest_route=\/wp\/v2\/posts\/15"}],"collection":[{"href":"http:\/\/zts.psoni.czest.pl\/index.php?rest_route=\/wp\/v2\/posts"}],"about":[{"href":"http:\/\/zts.psoni.czest.pl\/index.php?rest_route=\/wp\/v2\/types\/post"}],"author":[{"embeddable":true,"href":"http:\/\/zts.psoni.czest.pl\/index.php?rest_route=\/wp\/v2\/users\/1"}],"replies":[{"embeddable":true,"href":"http:\/\/zts.psoni.czest.pl\/index.php?rest_route=%2Fwp%2Fv2%2Fcomments&post=15"}],"version-history":[{"count":5,"href":"http:\/\/zts.psoni.czest.pl\/index.php?rest_route=\/wp\/v2\/posts\/15\/revisions"}],"predecessor-version":[{"id":1393,"href":"http:\/\/zts.psoni.czest.pl\/index.php?rest_route=\/wp\/v2\/posts\/15\/revisions\/1393"}],"wp:attachment":[{"href":"http:\/\/zts.psoni.czest.pl\/index.php?rest_route=%2Fwp%2Fv2%2Fmedia&parent=15"}],"wp:term":[{"taxonomy":"category","embeddable":true,"href":"http:\/\/zts.psoni.czest.pl\/index.php?rest_route=%2Fwp%2Fv2%2Fcategories&post=15"},{"taxonomy":"post_tag","embeddable":true,"href":"http:\/\/zts.psoni.czest.pl\/index.php?rest_route=%2Fwp%2Fv2%2Ftags&post=15"}],"curies":[{"name":"wp","href":"https:\/\/api.w.org\/{rel}","templated":true}]}}