{"id":226,"date":"2021-10-14T07:33:00","date_gmt":"2021-10-14T07:33:00","guid":{"rendered":"http:\/\/zts.psoni.czest.pl\/?p=226"},"modified":"2022-02-01T17:13:19","modified_gmt":"2022-02-01T17:13:19","slug":"niepodleglosc-odzyskana-po-123-latach-niewoli","status":"publish","type":"post","link":"http:\/\/zts.psoni.czest.pl\/?p=226","title":{"rendered":"Niepodleg\u0142o\u015b\u0107 odzyskana po 123 latach niewoli&#8230;"},"content":{"rendered":"\t\t<div data-elementor-type=\"wp-post\" data-elementor-id=\"226\" class=\"elementor elementor-226\">\n\t\t\t\t\t\t<div class=\"elementor-inner\">\n\t\t\t\t<div class=\"elementor-section-wrap\">\n\t\t\t\t\t\t\t\t\t<section class=\"elementor-section elementor-top-section elementor-element elementor-element-8e08f46 elementor-section-boxed elementor-section-height-default elementor-section-height-default\" data-id=\"8e08f46\" data-element_type=\"section\">\n\t\t\t\t\t\t<div class=\"elementor-container elementor-column-gap-default\">\n\t\t\t\t\t\t\t<div class=\"elementor-row\">\n\t\t\t\t\t<div class=\"elementor-column elementor-col-100 elementor-top-column elementor-element elementor-element-8ca3681\" data-id=\"8ca3681\" data-element_type=\"column\">\n\t\t\t<div class=\"elementor-column-wrap elementor-element-populated\">\n\t\t\t\t\t\t\t<div class=\"elementor-widget-wrap\">\n\t\t\t\t\t\t<div class=\"elementor-element elementor-element-98192f3 elementor-widget elementor-widget-text-editor\" data-id=\"98192f3\" data-element_type=\"widget\" data-widget_type=\"text-editor.default\">\n\t\t\t\t<div class=\"elementor-widget-container\">\n\t\t\t\t\t\t\t\t<div class=\"elementor-text-editor elementor-clearfix\">\n\t\t\t\t<p><strong>Projekt pn. \u201e\u017bycie to sztuka filmowa \u2013 moje emocje\u201d finansowany z Narodowego Instytutu Wolno\u015bci \u2013 Centrum Rozwoju Spo\u0142ecze\u0144stwa Obywatelskiego ze \u015brodk\u00f3w Programu Fundusz Inicjatyw Obywatelskich NOWE FIO na lata 2021-2030.<\/strong><\/p>\t\t\t\t\t<\/div>\n\t\t\t\t\t\t<\/div>\n\t\t\t\t<\/div>\n\t\t\t\t\t\t<\/div>\n\t\t\t\t\t<\/div>\n\t\t<\/div>\n\t\t\t\t\t\t\t\t<\/div>\n\t\t\t\t\t<\/div>\n\t\t<\/section>\n\t\t\t\t<section class=\"elementor-section elementor-top-section elementor-element elementor-element-72555d8b elementor-section-boxed elementor-section-height-default elementor-section-height-default\" data-id=\"72555d8b\" data-element_type=\"section\">\n\t\t\t\t\t\t<div class=\"elementor-container elementor-column-gap-default\">\n\t\t\t\t\t\t\t<div class=\"elementor-row\">\n\t\t\t\t\t<div class=\"elementor-column elementor-col-100 elementor-top-column elementor-element elementor-element-b127ffb\" data-id=\"b127ffb\" data-element_type=\"column\">\n\t\t\t<div class=\"elementor-column-wrap elementor-element-populated\">\n\t\t\t\t\t\t\t<div class=\"elementor-widget-wrap\">\n\t\t\t\t\t\t<div class=\"elementor-element elementor-element-5f178b36 elementor-widget elementor-widget-text-editor\" data-id=\"5f178b36\" data-element_type=\"widget\" data-widget_type=\"text-editor.default\">\n\t\t\t\t<div class=\"elementor-widget-container\">\n\t\t\t\t\t\t\t\t<div class=\"elementor-text-editor elementor-clearfix\">\n\t\t\t\t<a href=\"http:\/\/zts.psoni.czest.pl\/wp-content\/uploads\/2018\/08\/38539078_675311266166846_2822024917719973888_n.jpg\"><img loading=\"lazy\" class=\"alignnone size-medium wp-image-230\" src=\"http:\/\/zts.psoni.czest.pl\/wp-content\/uploads\/2018\/08\/38539078_675311266166846_2822024917719973888_n-300x225.jpg\" alt=\"\" width=\"300\" height=\"225\" srcset=\"http:\/\/zts.psoni.czest.pl\/wp-content\/uploads\/2018\/08\/38539078_675311266166846_2822024917719973888_n-300x225.jpg 300w, http:\/\/zts.psoni.czest.pl\/wp-content\/uploads\/2018\/08\/38539078_675311266166846_2822024917719973888_n-768x576.jpg 768w, http:\/\/zts.psoni.czest.pl\/wp-content\/uploads\/2018\/08\/38539078_675311266166846_2822024917719973888_n-1024x768.jpg 1024w, http:\/\/zts.psoni.czest.pl\/wp-content\/uploads\/2018\/08\/38539078_675311266166846_2822024917719973888_n.jpg 1560w\" sizes=\"(max-width: 300px) 100vw, 300px\" \/><\/a>\n\nNa warsztatach grupy dziennikarskiej Podopieczni naszego Stowarzyszenia rozmawiali na temat odzyskania przez Polsk\u0119 niepodleg\u0142o\u015bci. Przypominamy bowiem, \u017ce w listopadzie obchodzimy \u015awi\u0119to uzyskania Niepodleg\u0142o\u015bci.\n\n<a href=\"http:\/\/zts.psoni.czest.pl\/wp-content\/uploads\/2018\/08\/38711265_1913610865361844_2312210195150798848_n.jpg\"><img loading=\"lazy\" class=\"alignnone size-medium wp-image-236\" src=\"http:\/\/zts.psoni.czest.pl\/wp-content\/uploads\/2018\/08\/38711265_1913610865361844_2312210195150798848_n-300x225.jpg\" alt=\"\" width=\"300\" height=\"225\" srcset=\"http:\/\/zts.psoni.czest.pl\/wp-content\/uploads\/2018\/08\/38711265_1913610865361844_2312210195150798848_n-300x225.jpg 300w, http:\/\/zts.psoni.czest.pl\/wp-content\/uploads\/2018\/08\/38711265_1913610865361844_2312210195150798848_n-768x576.jpg 768w, http:\/\/zts.psoni.czest.pl\/wp-content\/uploads\/2018\/08\/38711265_1913610865361844_2312210195150798848_n-1024x768.jpg 1024w, http:\/\/zts.psoni.czest.pl\/wp-content\/uploads\/2018\/08\/38711265_1913610865361844_2312210195150798848_n.jpg 1560w\" sizes=\"(max-width: 300px) 100vw, 300px\" \/><\/a>\n\nPodczas zaj\u0119\u0107 warsztatowicze poznawali podstawowe informacje dotycz\u0105ce trzech rozbior\u00f3w Polski, I wojny \u015bwiatowej i walk Polak\u00f3w o Niepodleg\u0142o\u015b\u0107.\n\n<a href=\"http:\/\/zts.psoni.czest.pl\/wp-content\/uploads\/2018\/08\/38500998_297792560778637_5512565355907645440_n.jpg\"><img loading=\"lazy\" class=\"alignnone size-medium wp-image-228\" src=\"http:\/\/zts.psoni.czest.pl\/wp-content\/uploads\/2018\/08\/38500998_297792560778637_5512565355907645440_n-300x225.jpg\" alt=\"\" width=\"300\" height=\"225\" srcset=\"http:\/\/zts.psoni.czest.pl\/wp-content\/uploads\/2018\/08\/38500998_297792560778637_5512565355907645440_n-300x225.jpg 300w, http:\/\/zts.psoni.czest.pl\/wp-content\/uploads\/2018\/08\/38500998_297792560778637_5512565355907645440_n-768x576.jpg 768w, http:\/\/zts.psoni.czest.pl\/wp-content\/uploads\/2018\/08\/38500998_297792560778637_5512565355907645440_n-1024x768.jpg 1024w, http:\/\/zts.psoni.czest.pl\/wp-content\/uploads\/2018\/08\/38500998_297792560778637_5512565355907645440_n.jpg 1560w\" sizes=\"(max-width: 300px) 100vw, 300px\" \/><\/a>\n\nOkaza\u0142o si\u0119, \u017ce sami mog\u0105 pochwali\u0107 si\u0119 spor\u0105 historyczn\u0105 wiedz\u0105. Z zaciekawieniem notowali kolejne istotne daty i wydarzenia. Temat jest niezwykle rozleg\u0142y, dlatego b\u0119dzie on stopniowo omawiany.\n\n<a href=\"http:\/\/zts.psoni.czest.pl\/wp-content\/uploads\/2018\/08\/38614868_299093487319252_7031021313644822528_n-e1533799972138.jpg\"><img loading=\"lazy\" class=\"alignnone size-medium wp-image-232\" src=\"http:\/\/zts.psoni.czest.pl\/wp-content\/uploads\/2018\/08\/38614868_299093487319252_7031021313644822528_n-e1533799972138-300x224.jpg\" alt=\"\" width=\"300\" height=\"224\" srcset=\"http:\/\/zts.psoni.czest.pl\/wp-content\/uploads\/2018\/08\/38614868_299093487319252_7031021313644822528_n-e1533799972138-300x224.jpg 300w, http:\/\/zts.psoni.czest.pl\/wp-content\/uploads\/2018\/08\/38614868_299093487319252_7031021313644822528_n-e1533799972138-768x574.jpg 768w, http:\/\/zts.psoni.czest.pl\/wp-content\/uploads\/2018\/08\/38614868_299093487319252_7031021313644822528_n-e1533799972138.jpg 960w\" sizes=\"(max-width: 300px) 100vw, 300px\" \/><\/a>\n\nOczywi\u015bcie podczas spotkania nie mog\u0142o zabrakn\u0105\u0107 informacji dotycz\u0105cych marsza\u0142ka J\u00f3zefa Pi\u0142sudskiego. Jego posta\u0107 szczeg\u00f3lnie zainteresowa\u0142a cz\u0142onk\u00f3w grupy dziennikarskiej.\t\t\t\t\t<\/div>\n\t\t\t\t\t\t<\/div>\n\t\t\t\t<\/div>\n\t\t\t\t\t\t<\/div>\n\t\t\t\t\t<\/div>\n\t\t<\/div>\n\t\t\t\t\t\t\t\t<\/div>\n\t\t\t\t\t<\/div>\n\t\t<\/section>\n\t\t\t\t\t\t\t\t\t<\/div>\n\t\t\t<\/div>\n\t\t\t\t\t<\/div>\n\t\t","protected":false},"excerpt":{"rendered":"<p>Projekt pn. \u201e\u017bycie to sztuka filmowa \u2013 moje emocje\u201d finansowany z Narodowego Instytutu Wolno\u015bci \u2013 Centrum Rozwoju Spo\u0142ecze\u0144stwa Obywatelskiego ze \u015brodk\u00f3w Programu Fundusz Inicjatyw Obywatelskich NOWE FIO na lata 2021-2030. Na warsztatach grupy dziennikarskiej Podopieczni naszego Stowarzyszenia rozmawiali na temat odzyskania przez Polsk\u0119 niepodleg\u0142o\u015bci. Przypominamy bowiem, \u017ce w listopadzie obchodzimy \u015awi\u0119to uzyskania Niepodleg\u0142o\u015bci. Podczas zaj\u0119\u0107 [&hellip;]<\/p>\n","protected":false},"author":1,"featured_media":232,"comment_status":"open","ping_status":"open","sticky":false,"template":"","format":"standard","meta":[],"categories":[8,1],"tags":[],"_links":{"self":[{"href":"http:\/\/zts.psoni.czest.pl\/index.php?rest_route=\/wp\/v2\/posts\/226"}],"collection":[{"href":"http:\/\/zts.psoni.czest.pl\/index.php?rest_route=\/wp\/v2\/posts"}],"about":[{"href":"http:\/\/zts.psoni.czest.pl\/index.php?rest_route=\/wp\/v2\/types\/post"}],"author":[{"embeddable":true,"href":"http:\/\/zts.psoni.czest.pl\/index.php?rest_route=\/wp\/v2\/users\/1"}],"replies":[{"embeddable":true,"href":"http:\/\/zts.psoni.czest.pl\/index.php?rest_route=%2Fwp%2Fv2%2Fcomments&post=226"}],"version-history":[{"count":5,"href":"http:\/\/zts.psoni.czest.pl\/index.php?rest_route=\/wp\/v2\/posts\/226\/revisions"}],"predecessor-version":[{"id":1363,"href":"http:\/\/zts.psoni.czest.pl\/index.php?rest_route=\/wp\/v2\/posts\/226\/revisions\/1363"}],"wp:featuredmedia":[{"embeddable":true,"href":"http:\/\/zts.psoni.czest.pl\/index.php?rest_route=\/wp\/v2\/media\/232"}],"wp:attachment":[{"href":"http:\/\/zts.psoni.czest.pl\/index.php?rest_route=%2Fwp%2Fv2%2Fmedia&parent=226"}],"wp:term":[{"taxonomy":"category","embeddable":true,"href":"http:\/\/zts.psoni.czest.pl\/index.php?rest_route=%2Fwp%2Fv2%2Fcategories&post=226"},{"taxonomy":"post_tag","embeddable":true,"href":"http:\/\/zts.psoni.czest.pl\/index.php?rest_route=%2Fwp%2Fv2%2Ftags&post=226"}],"curies":[{"name":"wp","href":"https:\/\/api.w.org\/{rel}","templated":true}]}}