{"id":23,"date":"2021-09-10T13:53:00","date_gmt":"2021-09-10T13:53:00","guid":{"rendered":"http:\/\/zts.psoni.czest.pl\/?p=23"},"modified":"2022-02-01T17:14:59","modified_gmt":"2022-02-01T17:14:59","slug":"warsztaty-dziennikarskie-i-wizyta-studyjna-w-redakcji","status":"publish","type":"post","link":"http:\/\/zts.psoni.czest.pl\/?p=23","title":{"rendered":"Warsztaty dziennikarskie i wizyta studyjna w redakcji"},"content":{"rendered":"\t\t<div data-elementor-type=\"wp-post\" data-elementor-id=\"23\" class=\"elementor elementor-23\">\n\t\t\t\t\t\t<div class=\"elementor-inner\">\n\t\t\t\t<div class=\"elementor-section-wrap\">\n\t\t\t\t\t\t\t\t\t<section class=\"elementor-section elementor-top-section elementor-element elementor-element-517e0ed elementor-section-boxed elementor-section-height-default elementor-section-height-default\" data-id=\"517e0ed\" data-element_type=\"section\">\n\t\t\t\t\t\t<div class=\"elementor-container elementor-column-gap-default\">\n\t\t\t\t\t\t\t<div class=\"elementor-row\">\n\t\t\t\t\t<div class=\"elementor-column elementor-col-100 elementor-top-column elementor-element elementor-element-8474255\" data-id=\"8474255\" data-element_type=\"column\">\n\t\t\t<div class=\"elementor-column-wrap elementor-element-populated\">\n\t\t\t\t\t\t\t<div class=\"elementor-widget-wrap\">\n\t\t\t\t\t\t<div class=\"elementor-element elementor-element-31ea8fc elementor-widget elementor-widget-text-editor\" data-id=\"31ea8fc\" data-element_type=\"widget\" data-widget_type=\"text-editor.default\">\n\t\t\t\t<div class=\"elementor-widget-container\">\n\t\t\t\t\t\t\t\t<div class=\"elementor-text-editor elementor-clearfix\">\n\t\t\t\t<p><strong>Projekt pn. \u201e\u017bycie to sztuka filmowa \u2013 moje emocje\u201d finansowany z Narodowego Instytutu Wolno\u015bci \u2013 Centrum Rozwoju Spo\u0142ecze\u0144stwa Obywatelskiego ze \u015brodk\u00f3w Programu Fundusz Inicjatyw Obywatelskich NOWE FIO na lata 2021-2030.<\/strong><\/p>\t\t\t\t\t<\/div>\n\t\t\t\t\t\t<\/div>\n\t\t\t\t<\/div>\n\t\t\t\t\t\t<\/div>\n\t\t\t\t\t<\/div>\n\t\t<\/div>\n\t\t\t\t\t\t\t\t<\/div>\n\t\t\t\t\t<\/div>\n\t\t<\/section>\n\t\t\t\t<section class=\"elementor-section elementor-top-section elementor-element elementor-element-5da29980 elementor-section-boxed elementor-section-height-default elementor-section-height-default\" data-id=\"5da29980\" data-element_type=\"section\">\n\t\t\t\t\t\t<div class=\"elementor-container elementor-column-gap-default\">\n\t\t\t\t\t\t\t<div class=\"elementor-row\">\n\t\t\t\t\t<div class=\"elementor-column elementor-col-100 elementor-top-column elementor-element elementor-element-6636dc63\" data-id=\"6636dc63\" data-element_type=\"column\">\n\t\t\t<div class=\"elementor-column-wrap elementor-element-populated\">\n\t\t\t\t\t\t\t<div class=\"elementor-widget-wrap\">\n\t\t\t\t\t\t<div class=\"elementor-element elementor-element-41992d86 elementor-widget elementor-widget-text-editor\" data-id=\"41992d86\" data-element_type=\"widget\" data-widget_type=\"text-editor.default\">\n\t\t\t\t<div class=\"elementor-widget-container\">\n\t\t\t\t\t\t\t\t<div class=\"elementor-text-editor elementor-clearfix\">\n\t\t\t\tWarsztaty dziennikarskie rozpocz\u0119\u0142y si\u0119 intensywnie. Pierwsze zaj\u0119cia odby\u0142y si\u0119 10 wrze\u015bnia. Trwa\u0142y dwie godziny. Uczestnicy zapoznali si\u0119 z opiekunami zaj\u0119\u0107 i zag\u0142\u0119biali w temat: czym jest dziennikarstwo. Zaplanowali wizyt\u0119 studyjn\u0105 na miesi\u0105c pa\u017adziernik. Wizyta studyjna zosta\u0142a zaplanowana w Gazecie Regionalnej.\n\n<a href=\"http:\/\/zts.psoni.czest.pl\/wp-content\/uploads\/2018\/07\/37030233_1785600918198570_680222008214028288_n.jpg\"><img loading=\"lazy\" class=\"alignnone size-medium wp-image-37\" src=\"http:\/\/zts.psoni.czest.pl\/wp-content\/uploads\/2018\/07\/37030233_1785600918198570_680222008214028288_n-300x225.jpg\" alt=\"\" width=\"300\" height=\"225\" srcset=\"http:\/\/zts.psoni.czest.pl\/wp-content\/uploads\/2018\/07\/37030233_1785600918198570_680222008214028288_n-300x225.jpg 300w, http:\/\/zts.psoni.czest.pl\/wp-content\/uploads\/2018\/07\/37030233_1785600918198570_680222008214028288_n-768x576.jpg 768w, http:\/\/zts.psoni.czest.pl\/wp-content\/uploads\/2018\/07\/37030233_1785600918198570_680222008214028288_n-1024x768.jpg 1024w, http:\/\/zts.psoni.czest.pl\/wp-content\/uploads\/2018\/07\/37030233_1785600918198570_680222008214028288_n.jpg 1560w\" sizes=\"(max-width: 300px) 100vw, 300px\" \/><\/a>\n\nWizyta studyjna b\u0119dzie okazj\u0105, \u017ceby zobaczy\u0107 na czym w praktyce polega zaw\u00f3d dziennikarza. Zapoznamy si\u0119 z podzia\u0142em obowi\u0105zk\u00f3w w redakcji, trybem i godzinami pracy. Obejrzymy poszczeg\u00f3lne stanowiska. Do\u015bwiadczymy tego, czym zajmuje si\u0119 przyk\u0142adowo dziennikarz dy\u017curny czy redaktor prowadz\u0105cy.\u00a0 Dowiemy si\u0119 tego, jak wygl\u0105da przygotowanie kolejnych wyda\u0144 dziennika, materia\u0142\u00f3w prasowych czy fotoreporta\u017cy.\n\nWnioski? Zobaczymy po wizycie studyjnej.\t\t\t\t\t<\/div>\n\t\t\t\t\t\t<\/div>\n\t\t\t\t<\/div>\n\t\t\t\t\t\t<\/div>\n\t\t\t\t\t<\/div>\n\t\t<\/div>\n\t\t\t\t\t\t\t\t<\/div>\n\t\t\t\t\t<\/div>\n\t\t<\/section>\n\t\t\t\t\t\t\t\t\t<\/div>\n\t\t\t<\/div>\n\t\t\t\t\t<\/div>\n\t\t","protected":false},"excerpt":{"rendered":"<p>Projekt pn. \u201e\u017bycie to sztuka filmowa \u2013 moje emocje\u201d finansowany z Narodowego Instytutu Wolno\u015bci \u2013 Centrum Rozwoju Spo\u0142ecze\u0144stwa Obywatelskiego ze \u015brodk\u00f3w Programu Fundusz Inicjatyw Obywatelskich NOWE FIO na lata 2021-2030. Warsztaty dziennikarskie rozpocz\u0119\u0142y si\u0119 intensywnie. Pierwsze zaj\u0119cia odby\u0142y si\u0119 10 wrze\u015bnia. Trwa\u0142y dwie godziny. Uczestnicy zapoznali si\u0119 z opiekunami zaj\u0119\u0107 i zag\u0142\u0119biali w temat: czym [&hellip;]<\/p>\n","protected":false},"author":1,"featured_media":0,"comment_status":"open","ping_status":"open","sticky":false,"template":"","format":"standard","meta":[],"categories":[8,22,25,1],"tags":[],"_links":{"self":[{"href":"http:\/\/zts.psoni.czest.pl\/index.php?rest_route=\/wp\/v2\/posts\/23"}],"collection":[{"href":"http:\/\/zts.psoni.czest.pl\/index.php?rest_route=\/wp\/v2\/posts"}],"about":[{"href":"http:\/\/zts.psoni.czest.pl\/index.php?rest_route=\/wp\/v2\/types\/post"}],"author":[{"embeddable":true,"href":"http:\/\/zts.psoni.czest.pl\/index.php?rest_route=\/wp\/v2\/users\/1"}],"replies":[{"embeddable":true,"href":"http:\/\/zts.psoni.czest.pl\/index.php?rest_route=%2Fwp%2Fv2%2Fcomments&post=23"}],"version-history":[{"count":6,"href":"http:\/\/zts.psoni.czest.pl\/index.php?rest_route=\/wp\/v2\/posts\/23\/revisions"}],"predecessor-version":[{"id":1387,"href":"http:\/\/zts.psoni.czest.pl\/index.php?rest_route=\/wp\/v2\/posts\/23\/revisions\/1387"}],"wp:attachment":[{"href":"http:\/\/zts.psoni.czest.pl\/index.php?rest_route=%2Fwp%2Fv2%2Fmedia&parent=23"}],"wp:term":[{"taxonomy":"category","embeddable":true,"href":"http:\/\/zts.psoni.czest.pl\/index.php?rest_route=%2Fwp%2Fv2%2Fcategories&post=23"},{"taxonomy":"post_tag","embeddable":true,"href":"http:\/\/zts.psoni.czest.pl\/index.php?rest_route=%2Fwp%2Fv2%2Ftags&post=23"}],"curies":[{"name":"wp","href":"https:\/\/api.w.org\/{rel}","templated":true}]}}