{"id":244,"date":"2021-11-04T18:40:00","date_gmt":"2021-11-04T18:40:00","guid":{"rendered":"http:\/\/zts.psoni.czest.pl\/?p=244"},"modified":"2022-02-01T17:12:16","modified_gmt":"2022-02-01T17:12:16","slug":"flaga-polski-troche-historii","status":"publish","type":"post","link":"http:\/\/zts.psoni.czest.pl\/?p=244","title":{"rendered":"Flaga Polski. Troch\u0119 historii"},"content":{"rendered":"\t\t<div data-elementor-type=\"wp-post\" data-elementor-id=\"244\" class=\"elementor elementor-244\">\n\t\t\t\t\t\t<div class=\"elementor-inner\">\n\t\t\t\t<div class=\"elementor-section-wrap\">\n\t\t\t\t\t\t\t\t\t<section class=\"elementor-section elementor-top-section elementor-element elementor-element-055a7e6 elementor-section-boxed elementor-section-height-default elementor-section-height-default\" data-id=\"055a7e6\" data-element_type=\"section\">\n\t\t\t\t\t\t<div class=\"elementor-container elementor-column-gap-default\">\n\t\t\t\t\t\t\t<div class=\"elementor-row\">\n\t\t\t\t\t<div class=\"elementor-column elementor-col-100 elementor-top-column elementor-element elementor-element-006204f\" data-id=\"006204f\" data-element_type=\"column\">\n\t\t\t<div class=\"elementor-column-wrap elementor-element-populated\">\n\t\t\t\t\t\t\t<div class=\"elementor-widget-wrap\">\n\t\t\t\t\t\t<div class=\"elementor-element elementor-element-8c2e471 elementor-widget elementor-widget-text-editor\" data-id=\"8c2e471\" data-element_type=\"widget\" data-widget_type=\"text-editor.default\">\n\t\t\t\t<div class=\"elementor-widget-container\">\n\t\t\t\t\t\t\t\t<div class=\"elementor-text-editor elementor-clearfix\">\n\t\t\t\t<p><strong>Projekt pn. \u201e\u017bycie to sztuka filmowa \u2013 moje emocje\u201d finansowany z Narodowego Instytutu Wolno\u015bci \u2013 Centrum Rozwoju Spo\u0142ecze\u0144stwa Obywatelskiego ze \u015brodk\u00f3w Programu Fundusz Inicjatyw Obywatelskich NOWE FIO na lata 2021-2030.<\/strong><\/p>\t\t\t\t\t<\/div>\n\t\t\t\t\t\t<\/div>\n\t\t\t\t<\/div>\n\t\t\t\t\t\t<\/div>\n\t\t\t\t\t<\/div>\n\t\t<\/div>\n\t\t\t\t\t\t\t\t<\/div>\n\t\t\t\t\t<\/div>\n\t\t<\/section>\n\t\t\t\t<section class=\"elementor-section elementor-top-section elementor-element elementor-element-3c9fbaa6 elementor-section-boxed elementor-section-height-default elementor-section-height-default\" data-id=\"3c9fbaa6\" data-element_type=\"section\">\n\t\t\t\t\t\t<div class=\"elementor-container elementor-column-gap-default\">\n\t\t\t\t\t\t\t<div class=\"elementor-row\">\n\t\t\t\t\t<div class=\"elementor-column elementor-col-100 elementor-top-column elementor-element elementor-element-2d8a6a8a\" data-id=\"2d8a6a8a\" data-element_type=\"column\">\n\t\t\t<div class=\"elementor-column-wrap elementor-element-populated\">\n\t\t\t\t\t\t\t<div class=\"elementor-widget-wrap\">\n\t\t\t\t\t\t<div class=\"elementor-element elementor-element-2e3c75fa elementor-widget elementor-widget-text-editor\" data-id=\"2e3c75fa\" data-element_type=\"widget\" data-widget_type=\"text-editor.default\">\n\t\t\t\t<div class=\"elementor-widget-container\">\n\t\t\t\t\t\t\t\t<div class=\"elementor-text-editor elementor-clearfix\">\n\t\t\t\t<a href=\"http:\/\/zts.psoni.czest.pl\/wp-content\/uploads\/2018\/08\/flaga.jpg\"><img loading=\"lazy\" class=\"alignnone size-medium wp-image-245\" src=\"http:\/\/zts.psoni.czest.pl\/wp-content\/uploads\/2018\/08\/flaga-300x200.jpg\" alt=\"\" width=\"300\" height=\"200\" srcset=\"http:\/\/zts.psoni.czest.pl\/wp-content\/uploads\/2018\/08\/flaga-300x200.jpg 300w, http:\/\/zts.psoni.czest.pl\/wp-content\/uploads\/2018\/08\/flaga.jpg 512w\" sizes=\"(max-width: 300px) 100vw, 300px\" \/><\/a>\n\nOto dobrze znana Flaga Pa\u0144stwowa Rzeczypospolitej Polskiej. Jeden z symboli pa\u0144stwowych naszego kraju.\n\nWed\u0142ug ustawy z dnia 31 stycznia 1980 r. o godle, barwach i hymnie Rzeczypospolitej Polskiej oraz o piecz\u0119ciach pa\u0144stwowych jest ni\u0105 prostok\u0105tny p\u0142at tkaniny o barwach Rzeczypospolitej Polskiej i proporcji 5:8, umieszczony na maszcie. Za flag\u0119 Polski uwa\u017cany jest tak\u017ce wariant z god\u0142em Polski, umieszczonym po\u015brodku bia\u0142ego pasa.\n\nPrzypomnijmy, \u017ce barwami RP s\u0105 kolory bia\u0142y i czerwony, u\u0142o\u017cone w dw\u00f3ch poziomych, r\u00f3wnoleg\u0142ych pasach tej samej szeroko\u015bci, z kt\u00f3rych g\u00f3rny jest koloru bia\u0142ego, a dolny koloru czerwonego.\n\nW histori\u0119 flagi Polski ju\u017c niebawem zanurzy si\u0119 grupa dziennikarska. We wtorek 14 sierpnia warsztatowicz\u00f3w czeka r\u00f3wnie\u017c fascynuj\u0105ce spotkanie i rozmowa z cz\u0119stochowskim historykiem Piotrem Skuz\u0105.\n\nPrzed podopiecznymi naszego Stowarzyszenia kolejne dziennikarskie wyzwania&#8230;\t\t\t\t\t<\/div>\n\t\t\t\t\t\t<\/div>\n\t\t\t\t<\/div>\n\t\t\t\t\t\t<\/div>\n\t\t\t\t\t<\/div>\n\t\t<\/div>\n\t\t\t\t\t\t\t\t<\/div>\n\t\t\t\t\t<\/div>\n\t\t<\/section>\n\t\t\t\t\t\t\t\t\t<\/div>\n\t\t\t<\/div>\n\t\t\t\t\t<\/div>\n\t\t","protected":false},"excerpt":{"rendered":"<p>Projekt pn. \u201e\u017bycie to sztuka filmowa \u2013 moje emocje\u201d finansowany z Narodowego Instytutu Wolno\u015bci \u2013 Centrum Rozwoju Spo\u0142ecze\u0144stwa Obywatelskiego ze \u015brodk\u00f3w Programu Fundusz Inicjatyw Obywatelskich NOWE FIO na lata 2021-2030. Oto dobrze znana Flaga Pa\u0144stwowa Rzeczypospolitej Polskiej. Jeden z symboli pa\u0144stwowych naszego kraju. Wed\u0142ug ustawy z dnia 31 stycznia 1980 r. o godle, barwach i [&hellip;]<\/p>\n","protected":false},"author":1,"featured_media":245,"comment_status":"open","ping_status":"open","sticky":false,"template":"","format":"standard","meta":[],"categories":[8,1],"tags":[],"_links":{"self":[{"href":"http:\/\/zts.psoni.czest.pl\/index.php?rest_route=\/wp\/v2\/posts\/244"}],"collection":[{"href":"http:\/\/zts.psoni.czest.pl\/index.php?rest_route=\/wp\/v2\/posts"}],"about":[{"href":"http:\/\/zts.psoni.czest.pl\/index.php?rest_route=\/wp\/v2\/types\/post"}],"author":[{"embeddable":true,"href":"http:\/\/zts.psoni.czest.pl\/index.php?rest_route=\/wp\/v2\/users\/1"}],"replies":[{"embeddable":true,"href":"http:\/\/zts.psoni.czest.pl\/index.php?rest_route=%2Fwp%2Fv2%2Fcomments&post=244"}],"version-history":[{"count":5,"href":"http:\/\/zts.psoni.czest.pl\/index.php?rest_route=\/wp\/v2\/posts\/244\/revisions"}],"predecessor-version":[{"id":1339,"href":"http:\/\/zts.psoni.czest.pl\/index.php?rest_route=\/wp\/v2\/posts\/244\/revisions\/1339"}],"wp:featuredmedia":[{"embeddable":true,"href":"http:\/\/zts.psoni.czest.pl\/index.php?rest_route=\/wp\/v2\/media\/245"}],"wp:attachment":[{"href":"http:\/\/zts.psoni.czest.pl\/index.php?rest_route=%2Fwp%2Fv2%2Fmedia&parent=244"}],"wp:term":[{"taxonomy":"category","embeddable":true,"href":"http:\/\/zts.psoni.czest.pl\/index.php?rest_route=%2Fwp%2Fv2%2Fcategories&post=244"},{"taxonomy":"post_tag","embeddable":true,"href":"http:\/\/zts.psoni.czest.pl\/index.php?rest_route=%2Fwp%2Fv2%2Ftags&post=244"}],"curies":[{"name":"wp","href":"https:\/\/api.w.org\/{rel}","templated":true}]}}