{"id":249,"date":"2021-09-16T13:53:00","date_gmt":"2021-09-16T13:53:00","guid":{"rendered":"http:\/\/zts.psoni.czest.pl\/?p=249"},"modified":"2022-02-01T17:14:17","modified_gmt":"2022-02-01T17:14:17","slug":"flaga-polski-poznajemy-historie","status":"publish","type":"post","link":"http:\/\/zts.psoni.czest.pl\/?p=249","title":{"rendered":"Flaga Polski. Poznajemy histori\u0119 symboli narodowych"},"content":{"rendered":"\t\t<div data-elementor-type=\"wp-post\" data-elementor-id=\"249\" class=\"elementor elementor-249\">\n\t\t\t\t\t\t<div class=\"elementor-inner\">\n\t\t\t\t<div class=\"elementor-section-wrap\">\n\t\t\t\t\t\t\t\t\t<section class=\"elementor-section elementor-top-section elementor-element elementor-element-5fad8c7 elementor-section-boxed elementor-section-height-default elementor-section-height-default\" data-id=\"5fad8c7\" data-element_type=\"section\">\n\t\t\t\t\t\t<div class=\"elementor-container elementor-column-gap-default\">\n\t\t\t\t\t\t\t<div class=\"elementor-row\">\n\t\t\t\t\t<div class=\"elementor-column elementor-col-100 elementor-top-column elementor-element elementor-element-783be3b\" data-id=\"783be3b\" data-element_type=\"column\">\n\t\t\t<div class=\"elementor-column-wrap elementor-element-populated\">\n\t\t\t\t\t\t\t<div class=\"elementor-widget-wrap\">\n\t\t\t\t\t\t<div class=\"elementor-element elementor-element-6ed8ec9 elementor-widget elementor-widget-text-editor\" data-id=\"6ed8ec9\" data-element_type=\"widget\" data-widget_type=\"text-editor.default\">\n\t\t\t\t<div class=\"elementor-widget-container\">\n\t\t\t\t\t\t\t\t<div class=\"elementor-text-editor elementor-clearfix\">\n\t\t\t\t<p><strong>Projekt pn. \u201e\u017bycie to sztuka filmowa \u2013 moje emocje\u201d finansowany z Narodowego Instytutu Wolno\u015bci \u2013 Centrum Rozwoju Spo\u0142ecze\u0144stwa Obywatelskiego ze \u015brodk\u00f3w Programu Fundusz Inicjatyw Obywatelskich NOWE FIO na lata 2021-2030.<\/strong><\/p>\t\t\t\t\t<\/div>\n\t\t\t\t\t\t<\/div>\n\t\t\t\t<\/div>\n\t\t\t\t\t\t<\/div>\n\t\t\t\t\t<\/div>\n\t\t<\/div>\n\t\t\t\t\t\t\t\t<\/div>\n\t\t\t\t\t<\/div>\n\t\t<\/section>\n\t\t\t\t<section class=\"elementor-section elementor-top-section elementor-element elementor-element-2a167297 elementor-section-boxed elementor-section-height-default elementor-section-height-default\" data-id=\"2a167297\" data-element_type=\"section\">\n\t\t\t\t\t\t<div class=\"elementor-container elementor-column-gap-default\">\n\t\t\t\t\t\t\t<div class=\"elementor-row\">\n\t\t\t\t\t<div class=\"elementor-column elementor-col-100 elementor-top-column elementor-element elementor-element-69e2d0c8\" data-id=\"69e2d0c8\" data-element_type=\"column\">\n\t\t\t<div class=\"elementor-column-wrap elementor-element-populated\">\n\t\t\t\t\t\t\t<div class=\"elementor-widget-wrap\">\n\t\t\t\t\t\t<div class=\"elementor-element elementor-element-79b0806b elementor-widget elementor-widget-text-editor\" data-id=\"79b0806b\" data-element_type=\"widget\" data-widget_type=\"text-editor.default\">\n\t\t\t\t<div class=\"elementor-widget-container\">\n\t\t\t\t\t\t\t\t<div class=\"elementor-text-editor elementor-clearfix\">\n\t\t\t\tZgodnie z planami jedne z zaj\u0119\u0107 zosta\u0142y dedykowane fladze Rzeczypospolitej Polskiej. Wydarzenie podzielono na dwie cz\u0119\u015bci. W obu uczestniczyli wszyscy Beneficjenci projektu.\n\n<a href=\"http:\/\/zts.psoni.czest.pl\/wp-content\/uploads\/2018\/08\/37488099_565764183838690_7547426491731017728_n.jpg\"><img loading=\"lazy\" class=\"alignnone size-medium wp-image-252\" src=\"http:\/\/zts.psoni.czest.pl\/wp-content\/uploads\/2018\/08\/37488099_565764183838690_7547426491731017728_n-300x225.jpg\" alt=\"\" width=\"300\" height=\"225\" srcset=\"http:\/\/zts.psoni.czest.pl\/wp-content\/uploads\/2018\/08\/37488099_565764183838690_7547426491731017728_n-300x225.jpg 300w, http:\/\/zts.psoni.czest.pl\/wp-content\/uploads\/2018\/08\/37488099_565764183838690_7547426491731017728_n-768x576.jpg 768w, http:\/\/zts.psoni.czest.pl\/wp-content\/uploads\/2018\/08\/37488099_565764183838690_7547426491731017728_n-1024x768.jpg 1024w, http:\/\/zts.psoni.czest.pl\/wp-content\/uploads\/2018\/08\/37488099_565764183838690_7547426491731017728_n.jpg 1560w\" sizes=\"(max-width: 300px) 100vw, 300px\" \/><\/a>\n\nW pierwszym terminie podopieczni naszego Stowarzyszenia zapoznawali si\u0119 z podstawowymi informacjami dotycz\u0105cymi flagi Polski. Wszyscy przypomnieli sobie, \u017ce barwy flagi z\u0142o\u017cone s\u0105 z dw\u00f3ch poziomych pas\u00f3w: bia\u0142ego oraz czerwonego.&nbsp; To odwzorowanie kolorystyki god\u0142a pa\u0144stwowego, kt\u00f3ry stanowi orze\u0142 bia\u0142y na czerwonym polu. Zgodnie z zasadami heraldyki pas g\u00f3rny reprezentuje bia\u0142ego or\u0142a, a dolny czerwone pole tarczy herbowej.\n\nBia\u0142y kolor oznacza wod\u0119, a tak\u017ce czysto\u015b\u0107 i niepokalanie, czerwony jest symbolem ognia i krwi, a z cn\u00f3t oznacza odwag\u0119 i waleczno\u015b\u0107.\n\n<a href=\"http:\/\/zts.psoni.czest.pl\/wp-content\/uploads\/2018\/08\/37537817_432266387260224_8082437850395574272_n.jpg\"><img loading=\"lazy\" class=\"alignnone size-medium wp-image-254\" src=\"http:\/\/zts.psoni.czest.pl\/wp-content\/uploads\/2018\/08\/37537817_432266387260224_8082437850395574272_n-300x225.jpg\" alt=\"\" width=\"300\" height=\"225\" srcset=\"http:\/\/zts.psoni.czest.pl\/wp-content\/uploads\/2018\/08\/37537817_432266387260224_8082437850395574272_n-300x225.jpg 300w, http:\/\/zts.psoni.czest.pl\/wp-content\/uploads\/2018\/08\/37537817_432266387260224_8082437850395574272_n-768x576.jpg 768w, http:\/\/zts.psoni.czest.pl\/wp-content\/uploads\/2018\/08\/37537817_432266387260224_8082437850395574272_n-1024x768.jpg 1024w, http:\/\/zts.psoni.czest.pl\/wp-content\/uploads\/2018\/08\/37537817_432266387260224_8082437850395574272_n.jpg 1560w\" sizes=\"(max-width: 300px) 100vw, 300px\" \/><\/a>\n\nWarsztatowicze dowiedzieli si\u0119 r\u00f3wnie\u017c tego, jak w kolejnych latach zmienia\u0142a si\u0119 flaga pa\u0144stwowa. Przypomnieli sobie te\u017c fakt, \u017ce 2 maja obchodzony jest Dzie\u0144 Flagi Rzeczypospolitej Polskiej.\n\n<a href=\"http:\/\/zts.psoni.czest.pl\/wp-content\/uploads\/2018\/08\/39217582_224630451559758_8016191098001031168_n.jpg\"><img loading=\"lazy\" class=\"alignnone size-medium wp-image-264\" src=\"http:\/\/zts.psoni.czest.pl\/wp-content\/uploads\/2018\/08\/39217582_224630451559758_8016191098001031168_n-300x225.jpg\" alt=\"\" width=\"300\" height=\"225\" srcset=\"http:\/\/zts.psoni.czest.pl\/wp-content\/uploads\/2018\/08\/39217582_224630451559758_8016191098001031168_n-300x225.jpg 300w, http:\/\/zts.psoni.czest.pl\/wp-content\/uploads\/2018\/08\/39217582_224630451559758_8016191098001031168_n-768x576.jpg 768w, http:\/\/zts.psoni.czest.pl\/wp-content\/uploads\/2018\/08\/39217582_224630451559758_8016191098001031168_n-1024x768.jpg 1024w, http:\/\/zts.psoni.czest.pl\/wp-content\/uploads\/2018\/08\/39217582_224630451559758_8016191098001031168_n.jpg 1560w\" sizes=\"(max-width: 300px) 100vw, 300px\" \/><\/a>\n\nPo cz\u0119\u015bci teoretycznej, przysz\u0142a pora na kolorowanie flagi. Czerwone kredki posz\u0142y w ruch!\n\n<a href=\"http:\/\/zts.psoni.czest.pl\/wp-content\/uploads\/2018\/08\/39183675_1077137639120982_1270283453065068544_n.jpg\"><img loading=\"lazy\" class=\"alignnone size-medium wp-image-256\" src=\"http:\/\/zts.psoni.czest.pl\/wp-content\/uploads\/2018\/08\/39183675_1077137639120982_1270283453065068544_n-224x300.jpg\" alt=\"\" width=\"224\" height=\"300\" srcset=\"http:\/\/zts.psoni.czest.pl\/wp-content\/uploads\/2018\/08\/39183675_1077137639120982_1270283453065068544_n-224x300.jpg 224w, http:\/\/zts.psoni.czest.pl\/wp-content\/uploads\/2018\/08\/39183675_1077137639120982_1270283453065068544_n.jpg 718w\" sizes=\"(max-width: 224px) 100vw, 224px\" \/><\/a>\t\t\t\t\t<\/div>\n\t\t\t\t\t\t<\/div>\n\t\t\t\t<\/div>\n\t\t\t\t\t\t<\/div>\n\t\t\t\t\t<\/div>\n\t\t<\/div>\n\t\t\t\t\t\t\t\t<\/div>\n\t\t\t\t\t<\/div>\n\t\t<\/section>\n\t\t\t\t\t\t\t\t\t<\/div>\n\t\t\t<\/div>\n\t\t\t\t\t<\/div>\n\t\t","protected":false},"excerpt":{"rendered":"<p>Projekt pn. \u201e\u017bycie to sztuka filmowa \u2013 moje emocje\u201d finansowany z Narodowego Instytutu Wolno\u015bci \u2013 Centrum Rozwoju Spo\u0142ecze\u0144stwa Obywatelskiego ze \u015brodk\u00f3w Programu Fundusz Inicjatyw Obywatelskich NOWE FIO na lata 2021-2030. Zgodnie z planami jedne z zaj\u0119\u0107 zosta\u0142y dedykowane fladze Rzeczypospolitej Polskiej. Wydarzenie podzielono na dwie cz\u0119\u015bci. W obu uczestniczyli wszyscy Beneficjenci projektu. W pierwszym terminie [&hellip;]<\/p>\n","protected":false},"author":1,"featured_media":255,"comment_status":"open","ping_status":"open","sticky":false,"template":"","format":"standard","meta":[],"categories":[8,1],"tags":[],"_links":{"self":[{"href":"http:\/\/zts.psoni.czest.pl\/index.php?rest_route=\/wp\/v2\/posts\/249"}],"collection":[{"href":"http:\/\/zts.psoni.czest.pl\/index.php?rest_route=\/wp\/v2\/posts"}],"about":[{"href":"http:\/\/zts.psoni.czest.pl\/index.php?rest_route=\/wp\/v2\/types\/post"}],"author":[{"embeddable":true,"href":"http:\/\/zts.psoni.czest.pl\/index.php?rest_route=\/wp\/v2\/users\/1"}],"replies":[{"embeddable":true,"href":"http:\/\/zts.psoni.czest.pl\/index.php?rest_route=%2Fwp%2Fv2%2Fcomments&post=249"}],"version-history":[{"count":8,"href":"http:\/\/zts.psoni.czest.pl\/index.php?rest_route=\/wp\/v2\/posts\/249\/revisions"}],"predecessor-version":[{"id":1384,"href":"http:\/\/zts.psoni.czest.pl\/index.php?rest_route=\/wp\/v2\/posts\/249\/revisions\/1384"}],"wp:featuredmedia":[{"embeddable":true,"href":"http:\/\/zts.psoni.czest.pl\/index.php?rest_route=\/wp\/v2\/media\/255"}],"wp:attachment":[{"href":"http:\/\/zts.psoni.czest.pl\/index.php?rest_route=%2Fwp%2Fv2%2Fmedia&parent=249"}],"wp:term":[{"taxonomy":"category","embeddable":true,"href":"http:\/\/zts.psoni.czest.pl\/index.php?rest_route=%2Fwp%2Fv2%2Fcategories&post=249"},{"taxonomy":"post_tag","embeddable":true,"href":"http:\/\/zts.psoni.czest.pl\/index.php?rest_route=%2Fwp%2Fv2%2Ftags&post=249"}],"curies":[{"name":"wp","href":"https:\/\/api.w.org\/{rel}","templated":true}]}}