{"id":26,"date":"2021-06-01T09:49:00","date_gmt":"2021-06-01T09:49:00","guid":{"rendered":"http:\/\/zts.psoni.czest.pl\/?p=26"},"modified":"2022-02-01T17:15:16","modified_gmt":"2022-02-01T17:15:16","slug":"po-co-realizujemy-projekt-zycie-to-sztuka","status":"publish","type":"post","link":"http:\/\/zts.psoni.czest.pl\/?p=26","title":{"rendered":"Po co realizujemy projekt &#8222;\u017bycie to sztuka&#8221;?"},"content":{"rendered":"\t\t<div data-elementor-type=\"wp-post\" data-elementor-id=\"26\" class=\"elementor elementor-26\">\n\t\t\t\t\t\t<div class=\"elementor-inner\">\n\t\t\t\t<div class=\"elementor-section-wrap\">\n\t\t\t\t\t\t\t\t\t<section class=\"elementor-section elementor-top-section elementor-element elementor-element-8bbb474 elementor-section-boxed elementor-section-height-default elementor-section-height-default\" data-id=\"8bbb474\" data-element_type=\"section\">\n\t\t\t\t\t\t<div class=\"elementor-container elementor-column-gap-default\">\n\t\t\t\t\t\t\t<div class=\"elementor-row\">\n\t\t\t\t\t<div class=\"elementor-column elementor-col-100 elementor-top-column elementor-element elementor-element-60e0ca0\" data-id=\"60e0ca0\" data-element_type=\"column\">\n\t\t\t<div class=\"elementor-column-wrap elementor-element-populated\">\n\t\t\t\t\t\t\t<div class=\"elementor-widget-wrap\">\n\t\t\t\t\t\t<div class=\"elementor-element elementor-element-ce6e284 elementor-widget elementor-widget-text-editor\" data-id=\"ce6e284\" data-element_type=\"widget\" data-widget_type=\"text-editor.default\">\n\t\t\t\t<div class=\"elementor-widget-container\">\n\t\t\t\t\t\t\t\t<div class=\"elementor-text-editor elementor-clearfix\">\n\t\t\t\t<p><strong>Projekt pn. \u201e\u017bycie to sztuka filmowa \u2013 moje emocje\u201d finansowany z Narodowego Instytutu Wolno\u015bci \u2013 Centrum Rozwoju Spo\u0142ecze\u0144stwa Obywatelskiego ze \u015brodk\u00f3w Programu Fundusz Inicjatyw Obywatelskich NOWE FIO na lata 2021-2030.<\/strong><\/p>\t\t\t\t\t<\/div>\n\t\t\t\t\t\t<\/div>\n\t\t\t\t<\/div>\n\t\t\t\t\t\t<\/div>\n\t\t\t\t\t<\/div>\n\t\t<\/div>\n\t\t\t\t\t\t\t\t<\/div>\n\t\t\t\t\t<\/div>\n\t\t<\/section>\n\t\t\t\t<section class=\"elementor-section elementor-top-section elementor-element elementor-element-11c9edac elementor-section-boxed elementor-section-height-default elementor-section-height-default\" data-id=\"11c9edac\" data-element_type=\"section\">\n\t\t\t\t\t\t<div class=\"elementor-container elementor-column-gap-default\">\n\t\t\t\t\t\t\t<div class=\"elementor-row\">\n\t\t\t\t\t<div class=\"elementor-column elementor-col-100 elementor-top-column elementor-element elementor-element-47e02927\" data-id=\"47e02927\" data-element_type=\"column\">\n\t\t\t<div class=\"elementor-column-wrap elementor-element-populated\">\n\t\t\t\t\t\t\t<div class=\"elementor-widget-wrap\">\n\t\t\t\t\t\t<div class=\"elementor-element elementor-element-11fefc88 elementor-widget elementor-widget-text-editor\" data-id=\"11fefc88\" data-element_type=\"widget\" data-widget_type=\"text-editor.default\">\n\t\t\t\t<div class=\"elementor-widget-container\">\n\t\t\t\t\t\t\t\t<div class=\"elementor-text-editor elementor-clearfix\">\n\t\t\t\tW projekcie<strong> &#8221; \u017bycie to sztuka&#8221;<\/strong> uczestniczy grupa podopiecznych<strong> Polskiego Stowarzyszenie na rzecz Os\u00f3b z Niepe\u0142nosprawno\u015bci\u0105 Intelektualn\u0105 ko\u0142o w Cz\u0119stochowie.\u00a0<\/strong>\n\nZak\u0142adane rezultaty to wyr\u00f3wnanie szans , integracja ze \u015brodowiskiem zewn\u0119trznym i zmniejszenie ryzyka wykluczenia spo\u0142ecznego dla <strong>45 os\u00f3b niepe\u0142nosprawnych intelektualnie.<\/strong> Ma si\u0119 to dokona\u0107 poprzez edukacj\u0119 i utworzenie kompleksowych form aktywnego uczestnictwa w \u017cyciu spo\u0142ecznym os\u00f3b zamieszka\u0142ych na terenie powiatu cz\u0119stochowskiego\n\nPrzypomnijmy, \u017ce zgodnie z za\u0142o\u017ceniami, projekt podzielono na strefy: <strong>dziennikarsk\u0105, fotograficzno- filmow\u0105. <\/strong>B\u0119dziemy si\u0119 uczy\u0107 r\u00f3wnie\u017c charakteryzacji, scenografii, pracy z kamer\u0105 i o\u015bwietleniem.\n\nNiekt\u00f3rzy z naszych Beneficjent\u00f3w maj\u0105 problemy z komunikowaniem si\u0119. W zwi\u0105zku z tym, w projekcie zaplanowana jest r\u00f3wnie\u017c nauka j\u0119zyka migowego.\n<pre style=\"background: white;\"><b><span style=\"font-size: 10.5pt; color: black;\">\u00a0<\/span><\/b><\/pre>\t\t\t\t\t<\/div>\n\t\t\t\t\t\t<\/div>\n\t\t\t\t<\/div>\n\t\t\t\t\t\t<\/div>\n\t\t\t\t\t<\/div>\n\t\t<\/div>\n\t\t\t\t\t\t\t\t<\/div>\n\t\t\t\t\t<\/div>\n\t\t<\/section>\n\t\t\t\t\t\t\t\t\t<\/div>\n\t\t\t<\/div>\n\t\t\t\t\t<\/div>\n\t\t","protected":false},"excerpt":{"rendered":"<p>Projekt pn. \u201e\u017bycie to sztuka filmowa \u2013 moje emocje\u201d finansowany z Narodowego Instytutu Wolno\u015bci \u2013 Centrum Rozwoju Spo\u0142ecze\u0144stwa Obywatelskiego ze \u015brodk\u00f3w Programu Fundusz Inicjatyw Obywatelskich NOWE FIO na lata 2021-2030. W projekcie &#8221; \u017bycie to sztuka&#8221; uczestniczy grupa podopiecznych Polskiego Stowarzyszenie na rzecz Os\u00f3b z Niepe\u0142nosprawno\u015bci\u0105 Intelektualn\u0105 ko\u0142o w Cz\u0119stochowie.\u00a0 Zak\u0142adane rezultaty to wyr\u00f3wnanie szans [&hellip;]<\/p>\n","protected":false},"author":1,"featured_media":0,"comment_status":"open","ping_status":"open","sticky":false,"template":"","format":"standard","meta":[],"categories":[1],"tags":[],"_links":{"self":[{"href":"http:\/\/zts.psoni.czest.pl\/index.php?rest_route=\/wp\/v2\/posts\/26"}],"collection":[{"href":"http:\/\/zts.psoni.czest.pl\/index.php?rest_route=\/wp\/v2\/posts"}],"about":[{"href":"http:\/\/zts.psoni.czest.pl\/index.php?rest_route=\/wp\/v2\/types\/post"}],"author":[{"embeddable":true,"href":"http:\/\/zts.psoni.czest.pl\/index.php?rest_route=\/wp\/v2\/users\/1"}],"replies":[{"embeddable":true,"href":"http:\/\/zts.psoni.czest.pl\/index.php?rest_route=%2Fwp%2Fv2%2Fcomments&post=26"}],"version-history":[{"count":5,"href":"http:\/\/zts.psoni.czest.pl\/index.php?rest_route=\/wp\/v2\/posts\/26\/revisions"}],"predecessor-version":[{"id":1399,"href":"http:\/\/zts.psoni.czest.pl\/index.php?rest_route=\/wp\/v2\/posts\/26\/revisions\/1399"}],"wp:attachment":[{"href":"http:\/\/zts.psoni.czest.pl\/index.php?rest_route=%2Fwp%2Fv2%2Fmedia&parent=26"}],"wp:term":[{"taxonomy":"category","embeddable":true,"href":"http:\/\/zts.psoni.czest.pl\/index.php?rest_route=%2Fwp%2Fv2%2Fcategories&post=26"},{"taxonomy":"post_tag","embeddable":true,"href":"http:\/\/zts.psoni.czest.pl\/index.php?rest_route=%2Fwp%2Fv2%2Ftags&post=26"}],"curies":[{"name":"wp","href":"https:\/\/api.w.org\/{rel}","templated":true}]}}