{"id":273,"date":"2021-10-12T14:19:00","date_gmt":"2021-10-12T14:19:00","guid":{"rendered":"http:\/\/zts.psoni.czest.pl\/?p=273"},"modified":"2022-02-01T17:13:23","modified_gmt":"2022-02-01T17:13:23","slug":"bialo-czerwone-barwy-znow-kroluja","status":"publish","type":"post","link":"http:\/\/zts.psoni.czest.pl\/?p=273","title":{"rendered":"Bia\u0142o-czerwone barwy zn\u00f3w kr\u00f3luj\u0105"},"content":{"rendered":"\t\t<div data-elementor-type=\"wp-post\" data-elementor-id=\"273\" class=\"elementor elementor-273\">\n\t\t\t\t\t\t<div class=\"elementor-inner\">\n\t\t\t\t<div class=\"elementor-section-wrap\">\n\t\t\t\t\t\t\t\t\t<section class=\"elementor-section elementor-top-section elementor-element elementor-element-4edc72a elementor-section-boxed elementor-section-height-default elementor-section-height-default\" data-id=\"4edc72a\" data-element_type=\"section\">\n\t\t\t\t\t\t<div class=\"elementor-container elementor-column-gap-default\">\n\t\t\t\t\t\t\t<div class=\"elementor-row\">\n\t\t\t\t\t<div class=\"elementor-column elementor-col-100 elementor-top-column elementor-element elementor-element-fb40d68\" data-id=\"fb40d68\" data-element_type=\"column\">\n\t\t\t<div class=\"elementor-column-wrap elementor-element-populated\">\n\t\t\t\t\t\t\t<div class=\"elementor-widget-wrap\">\n\t\t\t\t\t\t<div class=\"elementor-element elementor-element-8f42427 elementor-widget elementor-widget-text-editor\" data-id=\"8f42427\" data-element_type=\"widget\" data-widget_type=\"text-editor.default\">\n\t\t\t\t<div class=\"elementor-widget-container\">\n\t\t\t\t\t\t\t\t<div class=\"elementor-text-editor elementor-clearfix\">\n\t\t\t\t<p><strong>Projekt pn. \u201e\u017bycie to sztuka filmowa \u2013 moje emocje\u201d finansowany z Narodowego Instytutu Wolno\u015bci \u2013 Centrum Rozwoju Spo\u0142ecze\u0144stwa Obywatelskiego ze \u015brodk\u00f3w Programu Fundusz Inicjatyw Obywatelskich NOWE FIO na lata 2021-2030.<\/strong><\/p>\t\t\t\t\t<\/div>\n\t\t\t\t\t\t<\/div>\n\t\t\t\t<\/div>\n\t\t\t\t\t\t<\/div>\n\t\t\t\t\t<\/div>\n\t\t<\/div>\n\t\t\t\t\t\t\t\t<\/div>\n\t\t\t\t\t<\/div>\n\t\t<\/section>\n\t\t\t\t<section class=\"elementor-section elementor-top-section elementor-element elementor-element-506b7eb6 elementor-section-boxed elementor-section-height-default elementor-section-height-default\" data-id=\"506b7eb6\" data-element_type=\"section\">\n\t\t\t\t\t\t<div class=\"elementor-container elementor-column-gap-default\">\n\t\t\t\t\t\t\t<div class=\"elementor-row\">\n\t\t\t\t\t<div class=\"elementor-column elementor-col-100 elementor-top-column elementor-element elementor-element-2d6091ff\" data-id=\"2d6091ff\" data-element_type=\"column\">\n\t\t\t<div class=\"elementor-column-wrap elementor-element-populated\">\n\t\t\t\t\t\t\t<div class=\"elementor-widget-wrap\">\n\t\t\t\t\t\t<div class=\"elementor-element elementor-element-a46e8a5 elementor-widget elementor-widget-text-editor\" data-id=\"a46e8a5\" data-element_type=\"widget\" data-widget_type=\"text-editor.default\">\n\t\t\t\t<div class=\"elementor-widget-container\">\n\t\t\t\t\t\t\t\t<div class=\"elementor-text-editor elementor-clearfix\">\n\t\t\t\t<a href=\"http:\/\/zts.psoni.czest.pl\/wp-content\/uploads\/2018\/08\/37139349_442978792862400_5688284579794780160_n.jpg\"><img loading=\"lazy\" class=\"alignnone size-medium wp-image-250\" src=\"http:\/\/zts.psoni.czest.pl\/wp-content\/uploads\/2018\/08\/37139349_442978792862400_5688284579794780160_n-300x225.jpg\" alt=\"\" width=\"300\" height=\"225\" srcset=\"http:\/\/zts.psoni.czest.pl\/wp-content\/uploads\/2018\/08\/37139349_442978792862400_5688284579794780160_n-300x225.jpg 300w, http:\/\/zts.psoni.czest.pl\/wp-content\/uploads\/2018\/08\/37139349_442978792862400_5688284579794780160_n-768x576.jpg 768w, http:\/\/zts.psoni.czest.pl\/wp-content\/uploads\/2018\/08\/37139349_442978792862400_5688284579794780160_n-1024x768.jpg 1024w, http:\/\/zts.psoni.czest.pl\/wp-content\/uploads\/2018\/08\/37139349_442978792862400_5688284579794780160_n.jpg 1560w\" sizes=\"(max-width: 300px) 100vw, 300px\" \/><\/a>\n\nTemat dotycz\u0105cy flagi Polski kontynuowany by\u0142 podczas zaj\u0119\u0107 organizowanych 12 pa\u017adziernika na zaj\u0119ciach w cz\u0119stochowskim centrum. Ponownie uczestniczy\u0142a w nich grupa fotograficzno-filmowa. Efektem s\u0105 pi\u0119kne zdj\u0119cia dokumentuj\u0105ce warsztaty.\n\n<a href=\"http:\/\/zts.psoni.czest.pl\/wp-content\/uploads\/2018\/08\/39192513_2173285399585270_1832882967219798016_n.jpg\"><img loading=\"lazy\" class=\"alignnone size-medium wp-image-259\" src=\"http:\/\/zts.psoni.czest.pl\/wp-content\/uploads\/2018\/08\/39192513_2173285399585270_1832882967219798016_n-300x225.jpg\" alt=\"\" width=\"300\" height=\"225\" srcset=\"http:\/\/zts.psoni.czest.pl\/wp-content\/uploads\/2018\/08\/39192513_2173285399585270_1832882967219798016_n-300x225.jpg 300w, http:\/\/zts.psoni.czest.pl\/wp-content\/uploads\/2018\/08\/39192513_2173285399585270_1832882967219798016_n-768x576.jpg 768w, http:\/\/zts.psoni.czest.pl\/wp-content\/uploads\/2018\/08\/39192513_2173285399585270_1832882967219798016_n-1024x768.jpg 1024w, http:\/\/zts.psoni.czest.pl\/wp-content\/uploads\/2018\/08\/39192513_2173285399585270_1832882967219798016_n.jpg 1560w\" sizes=\"(max-width: 300px) 100vw, 300px\" \/><\/a>\n\nTym razem flaga nie by\u0142a jednak kolorowana, a wyklejana bia\u0142\u0105 i czerwon\u0105 bibu\u0142\u0105. Praca wymaga\u0142a zaanga\u017cowania i precyzji. Ka\u017cdy z warsztatowicz\u00f3w mia\u0142 w\u0142asn\u0105 wizj\u0119 na realizacj\u0119 zadania. Dzi\u0119ki temu ka\u017cda z flag wysz\u0142a nieco inna.\n\n<a href=\"http:\/\/zts.psoni.czest.pl\/wp-content\/uploads\/2018\/08\/37153069_2191939237691318_6959887313669193728_n.jpg\"><img loading=\"lazy\" class=\"alignnone size-medium wp-image-251\" src=\"http:\/\/zts.psoni.czest.pl\/wp-content\/uploads\/2018\/08\/37153069_2191939237691318_6959887313669193728_n-300x225.jpg\" alt=\"\" width=\"300\" height=\"225\" srcset=\"http:\/\/zts.psoni.czest.pl\/wp-content\/uploads\/2018\/08\/37153069_2191939237691318_6959887313669193728_n-300x225.jpg 300w, http:\/\/zts.psoni.czest.pl\/wp-content\/uploads\/2018\/08\/37153069_2191939237691318_6959887313669193728_n-768x576.jpg 768w, http:\/\/zts.psoni.czest.pl\/wp-content\/uploads\/2018\/08\/37153069_2191939237691318_6959887313669193728_n-1024x768.jpg 1024w, http:\/\/zts.psoni.czest.pl\/wp-content\/uploads\/2018\/08\/37153069_2191939237691318_6959887313669193728_n.jpg 1560w\" sizes=\"(max-width: 300px) 100vw, 300px\" \/>\u00a0 <\/a><a href=\"http:\/\/zts.psoni.czest.pl\/wp-content\/uploads\/2018\/08\/39167202_227483294625291_2025621192290861056_n.jpg\"><img loading=\"lazy\" class=\"alignnone size-medium wp-image-255\" src=\"http:\/\/zts.psoni.czest.pl\/wp-content\/uploads\/2018\/08\/39167202_227483294625291_2025621192290861056_n-224x300.jpg\" alt=\"\" width=\"224\" height=\"300\" srcset=\"http:\/\/zts.psoni.czest.pl\/wp-content\/uploads\/2018\/08\/39167202_227483294625291_2025621192290861056_n-224x300.jpg 224w, http:\/\/zts.psoni.czest.pl\/wp-content\/uploads\/2018\/08\/39167202_227483294625291_2025621192290861056_n.jpg 718w\" sizes=\"(max-width: 224px) 100vw, 224px\" \/><\/a>\n\nZapa\u0142 warsztatowicz\u00f3w godny by\u0142 szacunku! Zaj\u0119cia nie ograniczy\u0142y si\u0119 jednak wy\u0142\u0105cznie do wyklejania. Przysz\u0142a bowiem pora na kolejn\u0105 dawk\u0119 historycznych ciekawostek. Tym razem podopieczni PSONI dowiedzieli si\u0119 m.in. tego jak wygl\u0105da polska bandera wojenna i handlowa.\n\n<a href=\"http:\/\/zts.psoni.czest.pl\/wp-content\/uploads\/2018\/08\/39227303_237600110420705_1322929242329055232_n.jpg\"><img loading=\"lazy\" class=\"alignnone size-medium wp-image-274\" src=\"http:\/\/zts.psoni.czest.pl\/wp-content\/uploads\/2018\/08\/39227303_237600110420705_1322929242329055232_n-300x225.jpg\" alt=\"\" width=\"300\" height=\"225\" srcset=\"http:\/\/zts.psoni.czest.pl\/wp-content\/uploads\/2018\/08\/39227303_237600110420705_1322929242329055232_n-300x225.jpg 300w, http:\/\/zts.psoni.czest.pl\/wp-content\/uploads\/2018\/08\/39227303_237600110420705_1322929242329055232_n-768x576.jpg 768w, http:\/\/zts.psoni.czest.pl\/wp-content\/uploads\/2018\/08\/39227303_237600110420705_1322929242329055232_n-1024x768.jpg 1024w, http:\/\/zts.psoni.czest.pl\/wp-content\/uploads\/2018\/08\/39227303_237600110420705_1322929242329055232_n.jpg 1560w\" sizes=\"(max-width: 300px) 100vw, 300px\" \/><\/a>\n\nNa fina\u0142 by\u0142o wsp\u00f3lne zdj\u0119cie z wykonanymi samodzielnie pracami. Dzi\u0119kujemy ekipie fotograficznej za sesj\u0119!\t\t\t\t\t<\/div>\n\t\t\t\t\t\t<\/div>\n\t\t\t\t<\/div>\n\t\t\t\t\t\t<\/div>\n\t\t\t\t\t<\/div>\n\t\t<\/div>\n\t\t\t\t\t\t\t\t<\/div>\n\t\t\t\t\t<\/div>\n\t\t<\/section>\n\t\t\t\t\t\t\t\t\t<\/div>\n\t\t\t<\/div>\n\t\t\t\t\t<\/div>\n\t\t","protected":false},"excerpt":{"rendered":"<p>Projekt pn. \u201e\u017bycie to sztuka filmowa \u2013 moje emocje\u201d finansowany z Narodowego Instytutu Wolno\u015bci \u2013 Centrum Rozwoju Spo\u0142ecze\u0144stwa Obywatelskiego ze \u015brodk\u00f3w Programu Fundusz Inicjatyw Obywatelskich NOWE FIO na lata 2021-2030. Temat dotycz\u0105cy flagi Polski kontynuowany by\u0142 podczas zaj\u0119\u0107 organizowanych 12 pa\u017adziernika na zaj\u0119ciach w cz\u0119stochowskim centrum. Ponownie uczestniczy\u0142a w nich grupa fotograficzno-filmowa. Efektem s\u0105 pi\u0119kne [&hellip;]<\/p>\n","protected":false},"author":1,"featured_media":274,"comment_status":"open","ping_status":"open","sticky":false,"template":"","format":"standard","meta":[],"categories":[8,9,1],"tags":[],"_links":{"self":[{"href":"http:\/\/zts.psoni.czest.pl\/index.php?rest_route=\/wp\/v2\/posts\/273"}],"collection":[{"href":"http:\/\/zts.psoni.czest.pl\/index.php?rest_route=\/wp\/v2\/posts"}],"about":[{"href":"http:\/\/zts.psoni.czest.pl\/index.php?rest_route=\/wp\/v2\/types\/post"}],"author":[{"embeddable":true,"href":"http:\/\/zts.psoni.czest.pl\/index.php?rest_route=\/wp\/v2\/users\/1"}],"replies":[{"embeddable":true,"href":"http:\/\/zts.psoni.czest.pl\/index.php?rest_route=%2Fwp%2Fv2%2Fcomments&post=273"}],"version-history":[{"count":6,"href":"http:\/\/zts.psoni.czest.pl\/index.php?rest_route=\/wp\/v2\/posts\/273\/revisions"}],"predecessor-version":[{"id":1366,"href":"http:\/\/zts.psoni.czest.pl\/index.php?rest_route=\/wp\/v2\/posts\/273\/revisions\/1366"}],"wp:featuredmedia":[{"embeddable":true,"href":"http:\/\/zts.psoni.czest.pl\/index.php?rest_route=\/wp\/v2\/media\/274"}],"wp:attachment":[{"href":"http:\/\/zts.psoni.czest.pl\/index.php?rest_route=%2Fwp%2Fv2%2Fmedia&parent=273"}],"wp:term":[{"taxonomy":"category","embeddable":true,"href":"http:\/\/zts.psoni.czest.pl\/index.php?rest_route=%2Fwp%2Fv2%2Fcategories&post=273"},{"taxonomy":"post_tag","embeddable":true,"href":"http:\/\/zts.psoni.czest.pl\/index.php?rest_route=%2Fwp%2Fv2%2Ftags&post=273"}],"curies":[{"name":"wp","href":"https:\/\/api.w.org\/{rel}","templated":true}]}}