{"id":295,"date":"2021-08-21T18:10:00","date_gmt":"2021-08-21T18:10:00","guid":{"rendered":"http:\/\/zts.psoni.czest.pl\/?p=295"},"modified":"2022-02-01T17:15:03","modified_gmt":"2022-02-01T17:15:03","slug":"kilka-dat-ktore-warto-zapamietac","status":"publish","type":"post","link":"http:\/\/zts.psoni.czest.pl\/?p=295","title":{"rendered":"Kilka dat, kt\u00f3re warto zapami\u0119ta\u0107"},"content":{"rendered":"\t\t<div data-elementor-type=\"wp-post\" data-elementor-id=\"295\" class=\"elementor elementor-295\">\n\t\t\t\t\t\t<div class=\"elementor-inner\">\n\t\t\t\t<div class=\"elementor-section-wrap\">\n\t\t\t\t\t\t\t\t\t<section class=\"elementor-section elementor-top-section elementor-element elementor-element-6cd8006 elementor-section-boxed elementor-section-height-default elementor-section-height-default\" data-id=\"6cd8006\" data-element_type=\"section\">\n\t\t\t\t\t\t<div class=\"elementor-container elementor-column-gap-default\">\n\t\t\t\t\t\t\t<div class=\"elementor-row\">\n\t\t\t\t\t<div class=\"elementor-column elementor-col-100 elementor-top-column elementor-element elementor-element-dfef96f\" data-id=\"dfef96f\" data-element_type=\"column\">\n\t\t\t<div class=\"elementor-column-wrap elementor-element-populated\">\n\t\t\t\t\t\t\t<div class=\"elementor-widget-wrap\">\n\t\t\t\t\t\t<div class=\"elementor-element elementor-element-f870689 elementor-widget elementor-widget-text-editor\" data-id=\"f870689\" data-element_type=\"widget\" data-widget_type=\"text-editor.default\">\n\t\t\t\t<div class=\"elementor-widget-container\">\n\t\t\t\t\t\t\t\t<div class=\"elementor-text-editor elementor-clearfix\">\n\t\t\t\t<p><strong>Projekt pn. \u201e\u017bycie to sztuka filmowa \u2013 moje emocje\u201d finansowany z Narodowego Instytutu Wolno\u015bci \u2013 Centrum Rozwoju Spo\u0142ecze\u0144stwa Obywatelskiego ze \u015brodk\u00f3w Programu Fundusz Inicjatyw Obywatelskich NOWE FIO na lata 2021-2030.<\/strong><\/p>\t\t\t\t\t<\/div>\n\t\t\t\t\t\t<\/div>\n\t\t\t\t<\/div>\n\t\t\t\t\t\t<\/div>\n\t\t\t\t\t<\/div>\n\t\t<\/div>\n\t\t\t\t\t\t\t\t<\/div>\n\t\t\t\t\t<\/div>\n\t\t<\/section>\n\t\t\t\t<section class=\"elementor-section elementor-top-section elementor-element elementor-element-7a12e63e elementor-section-boxed elementor-section-height-default elementor-section-height-default\" data-id=\"7a12e63e\" data-element_type=\"section\">\n\t\t\t\t\t\t<div class=\"elementor-container elementor-column-gap-default\">\n\t\t\t\t\t\t\t<div class=\"elementor-row\">\n\t\t\t\t\t<div class=\"elementor-column elementor-col-100 elementor-top-column elementor-element elementor-element-46f6b849\" data-id=\"46f6b849\" data-element_type=\"column\">\n\t\t\t<div class=\"elementor-column-wrap elementor-element-populated\">\n\t\t\t\t\t\t\t<div class=\"elementor-widget-wrap\">\n\t\t\t\t\t\t<div class=\"elementor-element elementor-element-19880fe6 elementor-widget elementor-widget-text-editor\" data-id=\"19880fe6\" data-element_type=\"widget\" data-widget_type=\"text-editor.default\">\n\t\t\t\t<div class=\"elementor-widget-container\">\n\t\t\t\t\t\t\t\t<div class=\"elementor-text-editor elementor-clearfix\">\n\t\t\t\tOto kilka historycznych dat, kt\u00f3re uczestnicy projektu &#8222;\u017bycie to sztuka&#8221; dobrze znaj\u0105. Zw\u0142aszcza cz\u0142onkowie grupy dziennikarskiej i fotograficzno &#8211; filmowej. Ale poniewa\u017c uczymy si\u0119 od siebie wzajemnie, dzielimy si\u0119 tak\u017ce wiedz\u0105.\n\n<strong>11 listopada 1918 r.<\/strong> &#8211; data uznawana za dzie\u0144 odzyskania przez Polsk\u0119 Niepodleg\u0142o\u015bci, r\u00f3wnocze\u015bnie zako\u0144czenie I wojny \u015bwiatowej dzi\u0119ki zawarciu rozejmu w Compi\u00e8gne, piecz\u0119tuj\u0105cego ostateczn\u0105 kl\u0119sk\u0119 Niemiec\n\n<strong>28 lipca 1914 r.<\/strong> &#8211; wybuch I wojny \u015bwiatowej\n\n<strong>22 stycznia 1863 r.<\/strong> &#8211; wybuch powstania styczniowego\n\n<strong>29\/30 listopada 1830 r.<\/strong>&#8211;&nbsp; wybuch powstania listopadowego\n\n<strong>12 marca 1794 r.<\/strong> &#8211; rozpocz\u0119cie insurekcji ko\u015bciuszkowskiej\t\t\t\t\t<\/div>\n\t\t\t\t\t\t<\/div>\n\t\t\t\t<\/div>\n\t\t\t\t\t\t<\/div>\n\t\t\t\t\t<\/div>\n\t\t<\/div>\n\t\t\t\t\t\t\t\t<\/div>\n\t\t\t\t\t<\/div>\n\t\t<\/section>\n\t\t\t\t\t\t\t\t\t<\/div>\n\t\t\t<\/div>\n\t\t\t\t\t<\/div>\n\t\t","protected":false},"excerpt":{"rendered":"<p>Projekt pn. \u201e\u017bycie to sztuka filmowa \u2013 moje emocje\u201d finansowany z Narodowego Instytutu Wolno\u015bci \u2013 Centrum Rozwoju Spo\u0142ecze\u0144stwa Obywatelskiego ze \u015brodk\u00f3w Programu Fundusz Inicjatyw Obywatelskich NOWE FIO na lata 2021-2030. Oto kilka historycznych dat, kt\u00f3re uczestnicy projektu &#8222;\u017bycie to sztuka&#8221; dobrze znaj\u0105. Zw\u0142aszcza cz\u0142onkowie grupy dziennikarskiej i fotograficzno &#8211; filmowej. Ale poniewa\u017c uczymy si\u0119 od [&hellip;]<\/p>\n","protected":false},"author":1,"featured_media":245,"comment_status":"open","ping_status":"open","sticky":false,"template":"","format":"standard","meta":[],"categories":[8,1],"tags":[],"_links":{"self":[{"href":"http:\/\/zts.psoni.czest.pl\/index.php?rest_route=\/wp\/v2\/posts\/295"}],"collection":[{"href":"http:\/\/zts.psoni.czest.pl\/index.php?rest_route=\/wp\/v2\/posts"}],"about":[{"href":"http:\/\/zts.psoni.czest.pl\/index.php?rest_route=\/wp\/v2\/types\/post"}],"author":[{"embeddable":true,"href":"http:\/\/zts.psoni.czest.pl\/index.php?rest_route=\/wp\/v2\/users\/1"}],"replies":[{"embeddable":true,"href":"http:\/\/zts.psoni.czest.pl\/index.php?rest_route=%2Fwp%2Fv2%2Fcomments&post=295"}],"version-history":[{"count":5,"href":"http:\/\/zts.psoni.czest.pl\/index.php?rest_route=\/wp\/v2\/posts\/295\/revisions"}],"predecessor-version":[{"id":1390,"href":"http:\/\/zts.psoni.czest.pl\/index.php?rest_route=\/wp\/v2\/posts\/295\/revisions\/1390"}],"wp:featuredmedia":[{"embeddable":true,"href":"http:\/\/zts.psoni.czest.pl\/index.php?rest_route=\/wp\/v2\/media\/245"}],"wp:attachment":[{"href":"http:\/\/zts.psoni.czest.pl\/index.php?rest_route=%2Fwp%2Fv2%2Fmedia&parent=295"}],"wp:term":[{"taxonomy":"category","embeddable":true,"href":"http:\/\/zts.psoni.czest.pl\/index.php?rest_route=%2Fwp%2Fv2%2Fcategories&post=295"},{"taxonomy":"post_tag","embeddable":true,"href":"http:\/\/zts.psoni.czest.pl\/index.php?rest_route=%2Fwp%2Fv2%2Ftags&post=295"}],"curies":[{"name":"wp","href":"https:\/\/api.w.org\/{rel}","templated":true}]}}