{"id":865,"date":"2021-11-19T20:12:00","date_gmt":"2021-11-19T20:12:00","guid":{"rendered":"http:\/\/zts.psoni.czest.pl\/?p=865"},"modified":"2022-02-01T17:10:56","modified_gmt":"2022-02-01T17:10:56","slug":"dziennikarze-opowiadaja-o-swiecie-niepodleglosci","status":"publish","type":"post","link":"http:\/\/zts.psoni.czest.pl\/?p=865","title":{"rendered":"Dziennikarze opowiadaj\u0105 o \u015awi\u0119cie Niepodleg\u0142o\u015bci&#8230;"},"content":{"rendered":"\t\t<div data-elementor-type=\"wp-post\" data-elementor-id=\"865\" class=\"elementor elementor-865\">\n\t\t\t\t\t\t<div class=\"elementor-inner\">\n\t\t\t\t<div class=\"elementor-section-wrap\">\n\t\t\t\t\t\t\t\t\t<section class=\"elementor-section elementor-top-section elementor-element elementor-element-bf27cae elementor-section-boxed elementor-section-height-default elementor-section-height-default\" data-id=\"bf27cae\" data-element_type=\"section\">\n\t\t\t\t\t\t<div class=\"elementor-container elementor-column-gap-default\">\n\t\t\t\t\t\t\t<div class=\"elementor-row\">\n\t\t\t\t\t<div class=\"elementor-column elementor-col-100 elementor-top-column elementor-element elementor-element-ccff364\" data-id=\"ccff364\" data-element_type=\"column\">\n\t\t\t<div class=\"elementor-column-wrap elementor-element-populated\">\n\t\t\t\t\t\t\t<div class=\"elementor-widget-wrap\">\n\t\t\t\t\t\t<div class=\"elementor-element elementor-element-192f70d elementor-widget elementor-widget-text-editor\" data-id=\"192f70d\" data-element_type=\"widget\" data-widget_type=\"text-editor.default\">\n\t\t\t\t<div class=\"elementor-widget-container\">\n\t\t\t\t\t\t\t\t<div class=\"elementor-text-editor elementor-clearfix\">\n\t\t\t\t<p><strong>Projekt pn. \u201e\u017bycie to sztuka filmowa \u2013 moje emocje\u201d finansowany z Narodowego Instytutu Wolno\u015bci \u2013 Centrum Rozwoju Spo\u0142ecze\u0144stwa Obywatelskiego ze \u015brodk\u00f3w Programu Fundusz Inicjatyw Obywatelskich NOWE FIO na lata 2021-2030.<\/strong><\/p>\t\t\t\t\t<\/div>\n\t\t\t\t\t\t<\/div>\n\t\t\t\t<\/div>\n\t\t\t\t\t\t<\/div>\n\t\t\t\t\t<\/div>\n\t\t<\/div>\n\t\t\t\t\t\t\t\t<\/div>\n\t\t\t\t\t<\/div>\n\t\t<\/section>\n\t\t\t\t<section class=\"elementor-section elementor-top-section elementor-element elementor-element-5442146b elementor-section-boxed elementor-section-height-default elementor-section-height-default\" data-id=\"5442146b\" data-element_type=\"section\">\n\t\t\t\t\t\t<div class=\"elementor-container elementor-column-gap-default\">\n\t\t\t\t\t\t\t<div class=\"elementor-row\">\n\t\t\t\t\t<div class=\"elementor-column elementor-col-100 elementor-top-column elementor-element elementor-element-423cdfa1\" data-id=\"423cdfa1\" data-element_type=\"column\">\n\t\t\t<div class=\"elementor-column-wrap elementor-element-populated\">\n\t\t\t\t\t\t\t<div class=\"elementor-widget-wrap\">\n\t\t\t\t\t\t<div class=\"elementor-element elementor-element-7baff30f elementor-widget elementor-widget-text-editor\" data-id=\"7baff30f\" data-element_type=\"widget\" data-widget_type=\"text-editor.default\">\n\t\t\t\t<div class=\"elementor-widget-container\">\n\t\t\t\t\t\t\t\t<div class=\"elementor-text-editor elementor-clearfix\">\n\t\t\t\t<a href=\"http:\/\/zts.psoni.czest.pl\/wp-content\/uploads\/2018\/11\/Niepodleglosc8.jpg\"><img loading=\"lazy\" class=\"alignnone size-medium wp-image-866\" src=\"http:\/\/zts.psoni.czest.pl\/wp-content\/uploads\/2018\/11\/Niepodleglosc8-300x150.jpg\" alt=\"\" width=\"300\" height=\"150\" srcset=\"http:\/\/zts.psoni.czest.pl\/wp-content\/uploads\/2018\/11\/Niepodleglosc8-300x150.jpg 300w, http:\/\/zts.psoni.czest.pl\/wp-content\/uploads\/2018\/11\/Niepodleglosc8-768x384.jpg 768w, http:\/\/zts.psoni.czest.pl\/wp-content\/uploads\/2018\/11\/Niepodleglosc8-1024x512.jpg 1024w, http:\/\/zts.psoni.czest.pl\/wp-content\/uploads\/2018\/11\/Niepodleglosc8.jpg 2048w\" sizes=\"(max-width: 300px) 100vw, 300px\" \/><\/a>\n\nPodczas zaj\u0119\u0107 grupy dziennikarskiej, kt\u00f3re odby\u0142y si\u0119 13 listopada podopieczni przedstawili &#8222;Kr\u00f3tk\u0105 histori\u0119 \u015awi\u0119ta Niepodleg\u0142o\u015bci&#8221;.\n\n<a href=\"http:\/\/zts.psoni.czest.pl\/wp-content\/uploads\/2018\/11\/Niepodleglosc3.jpg\"><img loading=\"lazy\" class=\"alignnone size-medium wp-image-867\" src=\"http:\/\/zts.psoni.czest.pl\/wp-content\/uploads\/2018\/11\/Niepodleglosc3-300x150.jpg\" alt=\"\" width=\"300\" height=\"150\" srcset=\"http:\/\/zts.psoni.czest.pl\/wp-content\/uploads\/2018\/11\/Niepodleglosc3-300x150.jpg 300w, http:\/\/zts.psoni.czest.pl\/wp-content\/uploads\/2018\/11\/Niepodleglosc3-768x384.jpg 768w, http:\/\/zts.psoni.czest.pl\/wp-content\/uploads\/2018\/11\/Niepodleglosc3-1024x512.jpg 1024w, http:\/\/zts.psoni.czest.pl\/wp-content\/uploads\/2018\/11\/Niepodleglosc3.jpg 2048w\" sizes=\"(max-width: 300px) 100vw, 300px\" \/><\/a>\n\nOpisuj\u0105c j\u0105 przypomnieli najwa\u017cniejsze daty zwi\u0105zane z obchodami tego narodowego \u015bwi\u0119ta.\n\n<a href=\"http:\/\/zts.psoni.czest.pl\/wp-content\/uploads\/2018\/11\/Niepodleglosc.jpg\"><img loading=\"lazy\" class=\"alignnone size-medium wp-image-868\" src=\"http:\/\/zts.psoni.czest.pl\/wp-content\/uploads\/2018\/11\/Niepodleglosc-300x150.jpg\" alt=\"\" width=\"300\" height=\"150\" srcset=\"http:\/\/zts.psoni.czest.pl\/wp-content\/uploads\/2018\/11\/Niepodleglosc-300x150.jpg 300w, http:\/\/zts.psoni.czest.pl\/wp-content\/uploads\/2018\/11\/Niepodleglosc-768x384.jpg 768w, http:\/\/zts.psoni.czest.pl\/wp-content\/uploads\/2018\/11\/Niepodleglosc-1024x512.jpg 1024w, http:\/\/zts.psoni.czest.pl\/wp-content\/uploads\/2018\/11\/Niepodleglosc.jpg 2048w\" sizes=\"(max-width: 300px) 100vw, 300px\" \/><\/a>\n\nPrzypomnijmy, \u017ce 11 listopada 2018 r. \u015bwi\u0119towali\u015bmy 100-lecie odzyskania przez Polsk\u0119 Niepodleg\u0142o\u015bci. Dziennikarze na ka\u017cdym kroku podkre\u015blaj\u0105 to, jak wa\u017cne to wydarzenie dla naszego kraju.\n\n<a href=\"http:\/\/zts.psoni.czest.pl\/wp-content\/uploads\/2018\/11\/Niepodleglosc6.jpg\"><img loading=\"lazy\" class=\"alignnone size-medium wp-image-869\" src=\"http:\/\/zts.psoni.czest.pl\/wp-content\/uploads\/2018\/11\/Niepodleglosc6-300x150.jpg\" alt=\"\" width=\"300\" height=\"150\" srcset=\"http:\/\/zts.psoni.czest.pl\/wp-content\/uploads\/2018\/11\/Niepodleglosc6-300x150.jpg 300w, http:\/\/zts.psoni.czest.pl\/wp-content\/uploads\/2018\/11\/Niepodleglosc6-768x384.jpg 768w, http:\/\/zts.psoni.czest.pl\/wp-content\/uploads\/2018\/11\/Niepodleglosc6-1024x512.jpg 1024w, http:\/\/zts.psoni.czest.pl\/wp-content\/uploads\/2018\/11\/Niepodleglosc6.jpg 2048w\" sizes=\"(max-width: 300px) 100vw, 300px\" \/><\/a>\n\nPrzygotowana przez nich relacja znajdzie si\u0119 w specjalnym wydaniu gazety tworzonej w ramach projektu &#8222;\u017bycie to sztuka&#8221;.\t\t\t\t\t<\/div>\n\t\t\t\t\t\t<\/div>\n\t\t\t\t<\/div>\n\t\t\t\t\t\t<\/div>\n\t\t\t\t\t<\/div>\n\t\t<\/div>\n\t\t\t\t\t\t\t\t<\/div>\n\t\t\t\t\t<\/div>\n\t\t<\/section>\n\t\t\t\t\t\t\t\t\t<\/div>\n\t\t\t<\/div>\n\t\t\t\t\t<\/div>\n\t\t","protected":false},"excerpt":{"rendered":"<p>Projekt pn. \u201e\u017bycie to sztuka filmowa \u2013 moje emocje\u201d finansowany z Narodowego Instytutu Wolno\u015bci \u2013 Centrum Rozwoju Spo\u0142ecze\u0144stwa Obywatelskiego ze \u015brodk\u00f3w Programu Fundusz Inicjatyw Obywatelskich NOWE FIO na lata 2021-2030. Podczas zaj\u0119\u0107 grupy dziennikarskiej, kt\u00f3re odby\u0142y si\u0119 13 listopada podopieczni przedstawili &#8222;Kr\u00f3tk\u0105 histori\u0119 \u015awi\u0119ta Niepodleg\u0142o\u015bci&#8221;. Opisuj\u0105c j\u0105 przypomnieli najwa\u017cniejsze daty zwi\u0105zane z obchodami tego narodowego [&hellip;]<\/p>\n","protected":false},"author":1,"featured_media":866,"comment_status":"closed","ping_status":"closed","sticky":false,"template":"","format":"standard","meta":[],"categories":[8,25,1],"tags":[43,33],"_links":{"self":[{"href":"http:\/\/zts.psoni.czest.pl\/index.php?rest_route=\/wp\/v2\/posts\/865"}],"collection":[{"href":"http:\/\/zts.psoni.czest.pl\/index.php?rest_route=\/wp\/v2\/posts"}],"about":[{"href":"http:\/\/zts.psoni.czest.pl\/index.php?rest_route=\/wp\/v2\/types\/post"}],"author":[{"embeddable":true,"href":"http:\/\/zts.psoni.czest.pl\/index.php?rest_route=\/wp\/v2\/users\/1"}],"replies":[{"embeddable":true,"href":"http:\/\/zts.psoni.czest.pl\/index.php?rest_route=%2Fwp%2Fv2%2Fcomments&post=865"}],"version-history":[{"count":5,"href":"http:\/\/zts.psoni.czest.pl\/index.php?rest_route=\/wp\/v2\/posts\/865\/revisions"}],"predecessor-version":[{"id":1315,"href":"http:\/\/zts.psoni.czest.pl\/index.php?rest_route=\/wp\/v2\/posts\/865\/revisions\/1315"}],"wp:featuredmedia":[{"embeddable":true,"href":"http:\/\/zts.psoni.czest.pl\/index.php?rest_route=\/wp\/v2\/media\/866"}],"wp:attachment":[{"href":"http:\/\/zts.psoni.czest.pl\/index.php?rest_route=%2Fwp%2Fv2%2Fmedia&parent=865"}],"wp:term":[{"taxonomy":"category","embeddable":true,"href":"http:\/\/zts.psoni.czest.pl\/index.php?rest_route=%2Fwp%2Fv2%2Fcategories&post=865"},{"taxonomy":"post_tag","embeddable":true,"href":"http:\/\/zts.psoni.czest.pl\/index.php?rest_route=%2Fwp%2Fv2%2Ftags&post=865"}],"curies":[{"name":"wp","href":"https:\/\/api.w.org\/{rel}","templated":true}]}}