{"id":894,"date":"2021-10-14T21:33:00","date_gmt":"2021-10-14T21:33:00","guid":{"rendered":"http:\/\/zts.psoni.czest.pl\/?p=894"},"modified":"2022-02-01T17:13:15","modified_gmt":"2022-02-01T17:13:15","slug":"kim-byl-jozef-pilsudski","status":"publish","type":"post","link":"http:\/\/zts.psoni.czest.pl\/?p=894","title":{"rendered":"Kim by\u0142 J\u00f3zef Pi\u0142sudski?"},"content":{"rendered":"\t\t<div data-elementor-type=\"wp-post\" data-elementor-id=\"894\" class=\"elementor elementor-894\">\n\t\t\t\t\t\t<div class=\"elementor-inner\">\n\t\t\t\t<div class=\"elementor-section-wrap\">\n\t\t\t\t\t\t\t\t\t<section class=\"elementor-section elementor-top-section elementor-element elementor-element-2b0241d elementor-section-boxed elementor-section-height-default elementor-section-height-default\" data-id=\"2b0241d\" data-element_type=\"section\">\n\t\t\t\t\t\t<div class=\"elementor-container elementor-column-gap-default\">\n\t\t\t\t\t\t\t<div class=\"elementor-row\">\n\t\t\t\t\t<div class=\"elementor-column elementor-col-100 elementor-top-column elementor-element elementor-element-9853bf4\" data-id=\"9853bf4\" data-element_type=\"column\">\n\t\t\t<div class=\"elementor-column-wrap elementor-element-populated\">\n\t\t\t\t\t\t\t<div class=\"elementor-widget-wrap\">\n\t\t\t\t\t\t<div class=\"elementor-element elementor-element-2a782b3 elementor-widget elementor-widget-text-editor\" data-id=\"2a782b3\" data-element_type=\"widget\" data-widget_type=\"text-editor.default\">\n\t\t\t\t<div class=\"elementor-widget-container\">\n\t\t\t\t\t\t\t\t<div class=\"elementor-text-editor elementor-clearfix\">\n\t\t\t\t<p><strong>Projekt pn. \u201e\u017bycie to sztuka filmowa \u2013 moje emocje\u201d finansowany z Narodowego Instytutu Wolno\u015bci \u2013 Centrum Rozwoju Spo\u0142ecze\u0144stwa Obywatelskiego ze \u015brodk\u00f3w Programu Fundusz Inicjatyw Obywatelskich NOWE FIO na lata 2021-2030.<\/strong><\/p>\t\t\t\t\t<\/div>\n\t\t\t\t\t\t<\/div>\n\t\t\t\t<\/div>\n\t\t\t\t\t\t<\/div>\n\t\t\t\t\t<\/div>\n\t\t<\/div>\n\t\t\t\t\t\t\t\t<\/div>\n\t\t\t\t\t<\/div>\n\t\t<\/section>\n\t\t\t\t<section class=\"elementor-section elementor-top-section elementor-element elementor-element-469c1cea elementor-section-boxed elementor-section-height-default elementor-section-height-default\" data-id=\"469c1cea\" data-element_type=\"section\">\n\t\t\t\t\t\t<div class=\"elementor-container elementor-column-gap-default\">\n\t\t\t\t\t\t\t<div class=\"elementor-row\">\n\t\t\t\t\t<div class=\"elementor-column elementor-col-100 elementor-top-column elementor-element elementor-element-19989c7d\" data-id=\"19989c7d\" data-element_type=\"column\">\n\t\t\t<div class=\"elementor-column-wrap elementor-element-populated\">\n\t\t\t\t\t\t\t<div class=\"elementor-widget-wrap\">\n\t\t\t\t\t\t<div class=\"elementor-element elementor-element-4be9619b elementor-widget elementor-widget-text-editor\" data-id=\"4be9619b\" data-element_type=\"widget\" data-widget_type=\"text-editor.default\">\n\t\t\t\t<div class=\"elementor-widget-container\">\n\t\t\t\t\t\t\t\t<div class=\"elementor-text-editor elementor-clearfix\">\n\t\t\t\t<a href=\"http:\/\/zts.psoni.czest.pl\/wp-content\/uploads\/2018\/11\/Jozef_Pilsudski1.jpg\"><img loading=\"lazy\" class=\"alignnone size-medium wp-image-895\" src=\"http:\/\/zts.psoni.czest.pl\/wp-content\/uploads\/2018\/11\/Jozef_Pilsudski1-217x300.jpg\" alt=\"\" width=\"217\" height=\"300\" srcset=\"http:\/\/zts.psoni.czest.pl\/wp-content\/uploads\/2018\/11\/Jozef_Pilsudski1-217x300.jpg 217w, http:\/\/zts.psoni.czest.pl\/wp-content\/uploads\/2018\/11\/Jozef_Pilsudski1.jpg 433w\" sizes=\"(max-width: 217px) 100vw, 217px\" \/><\/a>\n\nPrzygotowuj\u0105c wydanie gazety dotycz\u0105ce stulecia odzyskania przez Polsk\u0119 Niepodleg\u0142o\u015bci, dziennikarze zg\u0142\u0119bili biografi\u0119 pierwszego Marsza\u0142ka Polski &#8211; J\u00f3zefa Pi\u0142sudskiego.Opowie\u015b\u0107 o naczelnym wodzu Wojska Polskiego grupa&nbsp; stworzy\u0142a na podstawie ksi\u0105\u017cki \u201eJ\u00f3zef Pi\u0142sudski w kolorze\u201d opracowanej przez Andrzeja Krzysztofa Kunerta (t\u0119 publikacj\u0119 znaj\u0105 ju\u017c dobrze, podczas jednych z zaj\u0119\u0107 recenzowali bowiem to wydawnictwo).\n\n<strong>Biografia J\u00f3zefa Pi\u0142sudskiego<\/strong>\n\nJ\u00f3zef Klemens Pi\u0142sudski (pseudonimy: \u201eMieczys\u0142aw\u201d, \u201eZ. Mieczys\u0142awski\u201d, \u201eWiktor\u201d, \u201eZiuk\u201d) urodzi\u0142 si\u0119 5 grudnia 1867 roku w Zu\u0142owie. By\u0142 synem ziemianina J\u00f3zefa Wincentego Piotra oraz Marii z domu Bilewicz. Po uko\u0144czeniu gimnazjum w Wilnie zacz\u0105\u0142 studiowa\u0107 medycyn\u0119 na uniwersytecie w Charkowie, lecz w 1886 roku przerwa\u0142 studia.\n\nAresztowany w marcu 1887 roku w Wilnie pod zarzutem udzia\u0142u w przygotowaniu zamachu na cara Aleksandra III, zosta\u0142 skazany na pi\u0119\u0107 lat zes\u0142ania do wschodniej Syberii.\n\nPo powrocie do Wilna (lipiec 1892 r.) wyjecha\u0142 do Warszawy, gdzie nawi\u0105za\u0142 kontakt z Polsk\u0105 Parti\u0105 Socjalistyczna.\n\nPonownie aresztowano go w 1900 roku, by\u0142 wi\u0119ziony w X Pawilonie Cytadeli Warszawskiej. Rok p\u00f3\u017aniej przewieziono go do Petersburga, wkr\u00f3tce zbieg\u0142 do Galicji.\n\nOd wiosny 1902 roku kierowa\u0142 PPS.\n\nPo wybuchu I wojny \u015bwiatowej 1. Kompania Kadrowa Legion\u00f3w Polskich \u2013 na jego rozkaz \u2013 wyruszy\u0142a z krakowskich Oleandr\u00f3w do zaboru rosyjskiego. Wkr\u00f3tce utworzy\u0142 <strong>1. Pu\u0142k piechoty Legion\u00f3w Polskich<\/strong>, zostaj\u0105c jego dow\u00f3dc\u0105.\n\nW lipcu 1917 roku Pi\u0142sudski zn\u00f3w zosta\u0142 aresztowany i internowany w twierdzy w Magdeburgu. O wybuchu rewolucji w Niemczech zosta\u0142 zwolniony, 10 listopada 1918 roku przyby\u0142 do Warszawy, gdzie nast\u0119pnego dnia rada regencyjna przekaza\u0142a mu w\u0142adz\u0119 nad wojskiem, za\u015b 14 listopada 1918 r. ca\u0142o\u015b\u0107 w\u0142adzy.\n\n<strong>Naczelnym Wodzem<\/strong> by\u0142 do czasu obj\u0119cia stanowiska szefa sztabu Generalnego Wojska Polskiego, za\u015b Naczelnikiem Pa\u0144stwa od 20 lutego 1919 roku do 14 grudnia 1922 roku.\n\nW marcu 1920 roku mianowano go pierwszym <strong>Marsza\u0142kiem Polski<\/strong>. Rok p\u00f3\u017aniej zosta\u0142 <strong>Wielkim Mistrzem Orderu Orla Bia\u0142ego.<\/strong>\n\n<strong>Szef Sztabu Generalnego Wojska Polskiego<\/strong> od grudnia 1922 roku do czerwca 1923 roku i przewodnicz\u0105cy <strong>\u015acis\u0142ej Rady Wojennej<\/strong> do 1923 roku. Po z\u0142o\u017ceniu tych funkcji zamieszka\u0142 w willi \u201eMilusin\u201d w Sulej\u00f3wku pod Warszaw\u0105.\n\nDo w\u0142adzy powr\u00f3ci\u0142 w maju 1926 roku w wyniku zamachu majowego. Wybrano go na urz\u0105d prezydenta RP \u2013 nie przyj\u0105\u0142 jednak stanowiska. Do \u015bmieci pe\u0142ni\u0142 funkcj\u0119 <strong>Ministra Spraw Zagranicznych<\/strong> i <strong>Generalnego Inspektora Si\u0142 Zbrojnych<\/strong>.\n\nJ\u00f3zef Pi\u0142sudski zmar\u0142 12 maja 1935 roku w Warszawie.\t\t\t\t\t<\/div>\n\t\t\t\t\t\t<\/div>\n\t\t\t\t<\/div>\n\t\t\t\t\t\t<\/div>\n\t\t\t\t\t<\/div>\n\t\t<\/div>\n\t\t\t\t\t\t\t\t<\/div>\n\t\t\t\t\t<\/div>\n\t\t<\/section>\n\t\t\t\t\t\t\t\t\t<\/div>\n\t\t\t<\/div>\n\t\t\t\t\t<\/div>\n\t\t","protected":false},"excerpt":{"rendered":"<p>Projekt pn. \u201e\u017bycie to sztuka filmowa \u2013 moje emocje\u201d finansowany z Narodowego Instytutu Wolno\u015bci \u2013 Centrum Rozwoju Spo\u0142ecze\u0144stwa Obywatelskiego ze \u015brodk\u00f3w Programu Fundusz Inicjatyw Obywatelskich NOWE FIO na lata 2021-2030. Przygotowuj\u0105c wydanie gazety dotycz\u0105ce stulecia odzyskania przez Polsk\u0119 Niepodleg\u0142o\u015bci, dziennikarze zg\u0142\u0119bili biografi\u0119 pierwszego Marsza\u0142ka Polski &#8211; J\u00f3zefa Pi\u0142sudskiego.Opowie\u015b\u0107 o naczelnym wodzu Wojska Polskiego grupa&nbsp; stworzy\u0142a [&hellip;]<\/p>\n","protected":false},"author":1,"featured_media":895,"comment_status":"closed","ping_status":"closed","sticky":false,"template":"","format":"standard","meta":[],"categories":[8,25,1],"tags":[43,33],"_links":{"self":[{"href":"http:\/\/zts.psoni.czest.pl\/index.php?rest_route=\/wp\/v2\/posts\/894"}],"collection":[{"href":"http:\/\/zts.psoni.czest.pl\/index.php?rest_route=\/wp\/v2\/posts"}],"about":[{"href":"http:\/\/zts.psoni.czest.pl\/index.php?rest_route=\/wp\/v2\/types\/post"}],"author":[{"embeddable":true,"href":"http:\/\/zts.psoni.czest.pl\/index.php?rest_route=\/wp\/v2\/users\/1"}],"replies":[{"embeddable":true,"href":"http:\/\/zts.psoni.czest.pl\/index.php?rest_route=%2Fwp%2Fv2%2Fcomments&post=894"}],"version-history":[{"count":6,"href":"http:\/\/zts.psoni.czest.pl\/index.php?rest_route=\/wp\/v2\/posts\/894\/revisions"}],"predecessor-version":[{"id":1360,"href":"http:\/\/zts.psoni.czest.pl\/index.php?rest_route=\/wp\/v2\/posts\/894\/revisions\/1360"}],"wp:featuredmedia":[{"embeddable":true,"href":"http:\/\/zts.psoni.czest.pl\/index.php?rest_route=\/wp\/v2\/media\/895"}],"wp:attachment":[{"href":"http:\/\/zts.psoni.czest.pl\/index.php?rest_route=%2Fwp%2Fv2%2Fmedia&parent=894"}],"wp:term":[{"taxonomy":"category","embeddable":true,"href":"http:\/\/zts.psoni.czest.pl\/index.php?rest_route=%2Fwp%2Fv2%2Fcategories&post=894"},{"taxonomy":"post_tag","embeddable":true,"href":"http:\/\/zts.psoni.czest.pl\/index.php?rest_route=%2Fwp%2Fv2%2Ftags&post=894"}],"curies":[{"name":"wp","href":"https:\/\/api.w.org\/{rel}","templated":true}]}}