{"id":909,"date":"2021-11-22T08:25:00","date_gmt":"2021-11-22T08:25:00","guid":{"rendered":"http:\/\/zts.psoni.czest.pl\/?p=909"},"modified":"2022-02-01T17:10:42","modified_gmt":"2022-02-01T17:10:42","slug":"czestochowskie-slady-drogi-do-niepodleglosci","status":"publish","type":"post","link":"http:\/\/zts.psoni.czest.pl\/?p=909","title":{"rendered":"Cz\u0119stochowskie \u015blady drogi do Niepodleg\u0142o\u015bci"},"content":{"rendered":"\t\t<div data-elementor-type=\"wp-post\" data-elementor-id=\"909\" class=\"elementor elementor-909\">\n\t\t\t\t\t\t<div class=\"elementor-inner\">\n\t\t\t\t<div class=\"elementor-section-wrap\">\n\t\t\t\t\t\t\t\t\t<section class=\"elementor-section elementor-top-section elementor-element elementor-element-4b43ada elementor-section-boxed elementor-section-height-default elementor-section-height-default\" data-id=\"4b43ada\" data-element_type=\"section\">\n\t\t\t\t\t\t<div class=\"elementor-container elementor-column-gap-default\">\n\t\t\t\t\t\t\t<div class=\"elementor-row\">\n\t\t\t\t\t<div class=\"elementor-column elementor-col-100 elementor-top-column elementor-element elementor-element-dd78fc0\" data-id=\"dd78fc0\" data-element_type=\"column\">\n\t\t\t<div class=\"elementor-column-wrap elementor-element-populated\">\n\t\t\t\t\t\t\t<div class=\"elementor-widget-wrap\">\n\t\t\t\t\t\t<div class=\"elementor-element elementor-element-44ddeda elementor-widget elementor-widget-text-editor\" data-id=\"44ddeda\" data-element_type=\"widget\" data-widget_type=\"text-editor.default\">\n\t\t\t\t<div class=\"elementor-widget-container\">\n\t\t\t\t\t\t\t\t<div class=\"elementor-text-editor elementor-clearfix\">\n\t\t\t\t<p><strong>Projekt pn. \u201e\u017bycie to sztuka filmowa \u2013 moje emocje\u201d finansowany z Narodowego Instytutu Wolno\u015bci \u2013 Centrum Rozwoju Spo\u0142ecze\u0144stwa Obywatelskiego ze \u015brodk\u00f3w Programu Fundusz Inicjatyw Obywatelskich NOWE FIO na lata 2021-2030.<\/strong><\/p>\t\t\t\t\t<\/div>\n\t\t\t\t\t\t<\/div>\n\t\t\t\t<\/div>\n\t\t\t\t\t\t<\/div>\n\t\t\t\t\t<\/div>\n\t\t<\/div>\n\t\t\t\t\t\t\t\t<\/div>\n\t\t\t\t\t<\/div>\n\t\t<\/section>\n\t\t\t\t<section class=\"elementor-section elementor-top-section elementor-element elementor-element-5cd1ad1d elementor-section-boxed elementor-section-height-default elementor-section-height-default\" data-id=\"5cd1ad1d\" data-element_type=\"section\">\n\t\t\t\t\t\t<div class=\"elementor-container elementor-column-gap-default\">\n\t\t\t\t\t\t\t<div class=\"elementor-row\">\n\t\t\t\t\t<div class=\"elementor-column elementor-col-100 elementor-top-column elementor-element elementor-element-53b5d886\" data-id=\"53b5d886\" data-element_type=\"column\">\n\t\t\t<div class=\"elementor-column-wrap elementor-element-populated\">\n\t\t\t\t\t\t\t<div class=\"elementor-widget-wrap\">\n\t\t\t\t\t\t<div class=\"elementor-element elementor-element-557aa7b0 elementor-widget elementor-widget-text-editor\" data-id=\"557aa7b0\" data-element_type=\"widget\" data-widget_type=\"text-editor.default\">\n\t\t\t\t<div class=\"elementor-widget-container\">\n\t\t\t\t\t\t\t\t<div class=\"elementor-text-editor elementor-clearfix\">\n\t\t\t\t<a href=\"http:\/\/zts.psoni.czest.pl\/wp-content\/uploads\/2018\/11\/Pomnik_Marsza\u0142ka_J\u00f3zefa_Pi\u0142sudskiego_w_Cz\u0119stochowie.jpg\"><img loading=\"lazy\" class=\"size-medium wp-image-911\" src=\"http:\/\/zts.psoni.czest.pl\/wp-content\/uploads\/2018\/11\/Pomnik_Marsza\u0142ka_J\u00f3zefa_Pi\u0142sudskiego_w_Cz\u0119stochowie-300x200.jpg\" alt=\"\" width=\"300\" height=\"200\" srcset=\"http:\/\/zts.psoni.czest.pl\/wp-content\/uploads\/2018\/11\/Pomnik_Marsza\u0142ka_J\u00f3zefa_Pi\u0142sudskiego_w_Cz\u0119stochowie-300x200.jpg 300w, http:\/\/zts.psoni.czest.pl\/wp-content\/uploads\/2018\/11\/Pomnik_Marsza\u0142ka_J\u00f3zefa_Pi\u0142sudskiego_w_Cz\u0119stochowie-768x511.jpg 768w, http:\/\/zts.psoni.czest.pl\/wp-content\/uploads\/2018\/11\/Pomnik_Marsza\u0142ka_J\u00f3zefa_Pi\u0142sudskiego_w_Cz\u0119stochowie-1024x681.jpg 1024w\" sizes=\"(max-width: 300px) 100vw, 300px\" \/><\/a>\n\nW Cz\u0119stochowie nie brakuje miejsc symbolizuj\u0105cych drog\u0119, kt\u00f3r\u0105 Polacy przeszli, by odzyska\u0107 Niepodleg\u0142o\u015b\u0107. Codziennie mijamy pomniki czy ulice przypominaj\u0105ce o historii naszego kraju. By przedstawi\u0107 je jak najrzetelniej nasi dziennikarze si\u0119gn\u0119li po s\u0142ynn\u0105 \u201eMa\u0142\u0105 encyklopedi\u0119 Cz\u0119stochowy\u201d autorstwa Bogdana Snocha.\n\n<a href=\"http:\/\/zts.psoni.czest.pl\/wp-content\/uploads\/2018\/11\/Snoch_okladka.jpg\"><img loading=\"lazy\" class=\"alignnone size-medium wp-image-910\" src=\"http:\/\/zts.psoni.czest.pl\/wp-content\/uploads\/2018\/11\/Snoch_okladka-225x300.jpg\" alt=\"\" width=\"225\" height=\"300\" srcset=\"http:\/\/zts.psoni.czest.pl\/wp-content\/uploads\/2018\/11\/Snoch_okladka-225x300.jpg 225w, http:\/\/zts.psoni.czest.pl\/wp-content\/uploads\/2018\/11\/Snoch_okladka.jpg 450w\" sizes=\"(max-width: 225px) 100vw, 225px\" \/><\/a>\n\n<strong>Aleja im. Tadeusza Ko\u015bciuszki<\/strong> \u2013 ulica mi\u0119dzy Al. NMP i ul. Jasnog\u00f3rsk\u0105, \u0142\u0105cz\u0105ca al. Wolno\u015bci z al. Armii Krajowej. Do I wojny \u015bwiatowej by\u0142a fragmentem ul. Teatralnej. Obecn\u0105 nazw\u0119 otrzyma\u0142a po odzyskaniu przez Polsk\u0119 Niepodleg\u0142o\u015bci.\n\n<strong>Aleja Niepodleg\u0142o\u015bci<\/strong> \u2013 ci\u0105g komunikacyjny \u0142\u0105cz\u0105cy rondo przy ul. Mickiewicza z al. Pokoju, ul. Jagiello\u0144sk\u0105 i al. Wojska Polskiego. Powsta\u0142a na miejscu dawnej drogi \u0142\u0105cz\u0105cej Cz\u0119stochow\u0119 z B\u0142esznem. Po II wojnie \u015bwiatowej otrzyma\u0142a nazw\u0119 Alei Zwi\u0105zku Walki M\u0142odych. Po zmianach demokratycznych w Polsce nadano jej obecn\u0105 nazw\u0119.\n\n<strong>Cmentarz \u015bw. Rocha<\/strong> \u2013 nekropolia po\u0142o\u017cona w zachodniej cz\u0119\u015bci dzielnicy Cz\u0119stoch\u00f3wka- Parkitka. Pierwszych poch\u00f3wk\u00f3w dokonano tu w 1641 roku. W kaplicy cmentarnej znajduje si\u0119 p\u0142yta upami\u0119tniaj\u0105ca marsza\u0142ka J\u00f3zefa Pi\u0142sudskiego. Na cmentarzu znajduje si\u0119 r\u00f3wnie\u017c groby powsta\u0144c\u00f3w styczniowych z 1863 roku.\n\n<strong>Gr\u00f3b Nieznanego \u017bo\u0142nierza<\/strong> \u2013 gr\u00f3b zlokalizowany w \u015brodkowej cz\u0119\u015bci al. Sienkiewicza. Ods\u0142oni\u0119to go w 1925 roku. Geneza si\u0119ga wydarze\u0144 z 1921 roku, kiedy pod murami Jasnej G\u00f3ry u\u0142o\u017cono p\u0142yt\u0119 z piaskowca ozdobiona krzy\u017cem i napisem \u201eNieznanemu \u017bo\u0142nierzowi\u201d (projekt B.J. Proszkowski). P\u0142yt\u0119 nast\u0119pnie przewieziono na obecne miejsce. Po wyzwoleniu wielokrotnie zmieniano wygl\u0105d kompozycyjny grobu.\n\n<strong>Pomnik J\u00f3zefa Pi\u0142sudskiego<\/strong> \u2013 O budowie w Cz\u0119stochowie pomnika marsza\u0142ka zdecydowano niebawem po jego \u015bmierci w 1935 r. A\u017c do pocz\u0105tk\u00f3w okupacji niemieckiej sta\u0142 on przy ul. Krakowskiej. W listopadzie 1981 r. Klub Historyczny im. J\u00f3zefa Pi\u0142sudskiego przy NSZZ \u201eSolidarno\u015b\u0107\u201d powo\u0142a\u0142 Spo\u0142eczny Komitet Odbudowy Pomnika Marsza\u0142ka, po wprowadzeniu stanu wojennego te dzia\u0142ania wi\u0105za\u0142y si\u0119 jednak z represjami. W sierpniu 1990 r. powsta\u0142 akt dotycz\u0105cy budowy nowego pomnika na pl. Biega\u0144skiego. Ods\u0142oni\u0119to go w 1997 r.\n\n<strong>Ulica J\u00f3zefa Pi\u0142sudskiego<\/strong> \u2013 jedna z g\u0142\u00f3wnych ulic w \u015ar\u00f3dmie\u015bciu, przy kt\u00f3rej znajduje si\u0119 dworzec kolejowy. Ulic\u0119 wytyczono w czasie zabor\u00f3w jako drog\u0119 dojazdow\u0105 do budowanego dworca kolei warszawsko-wiede\u0144skiej. Otrzyma\u0142a w\u00f3wczas nazw\u0119 Dojazd. Bezpo\u015brednio po wizycie w mie\u015bcie J\u00f3zefa Pi\u0142sudskiego ulica otrzyma\u0142a patrona. Po II wojnie \u015bwiatowej patronowa\u0142 jej za\u015b gen. Karol \u015awierczewski. Pod koniec lat 80. Pi\u0142sudski zosta\u0142 na kr\u00f3tko patronem ulicy na Parkitce. Przemianowano j\u0105 jednak na Okulickiego, za\u015b marsza\u0142ek powr\u00f3ci\u0142 jako patron ulicy prowadz\u0105cej do dworca.\n\n&nbsp;\t\t\t\t\t<\/div>\n\t\t\t\t\t\t<\/div>\n\t\t\t\t<\/div>\n\t\t\t\t\t\t<\/div>\n\t\t\t\t\t<\/div>\n\t\t<\/div>\n\t\t\t\t\t\t\t\t<\/div>\n\t\t\t\t\t<\/div>\n\t\t<\/section>\n\t\t\t\t\t\t\t\t\t<\/div>\n\t\t\t<\/div>\n\t\t\t\t\t<\/div>\n\t\t","protected":false},"excerpt":{"rendered":"<p>Projekt pn. \u201e\u017bycie to sztuka filmowa \u2013 moje emocje\u201d finansowany z Narodowego Instytutu Wolno\u015bci \u2013 Centrum Rozwoju Spo\u0142ecze\u0144stwa Obywatelskiego ze \u015brodk\u00f3w Programu Fundusz Inicjatyw Obywatelskich NOWE FIO na lata 2021-2030. W Cz\u0119stochowie nie brakuje miejsc symbolizuj\u0105cych drog\u0119, kt\u00f3r\u0105 Polacy przeszli, by odzyska\u0107 Niepodleg\u0142o\u015b\u0107. Codziennie mijamy pomniki czy ulice przypominaj\u0105ce o historii naszego kraju. By przedstawi\u0107 [&hellip;]<\/p>\n","protected":false},"author":1,"featured_media":911,"comment_status":"closed","ping_status":"closed","sticky":false,"template":"","format":"standard","meta":[],"categories":[8,25,1],"tags":[43,33],"_links":{"self":[{"href":"http:\/\/zts.psoni.czest.pl\/index.php?rest_route=\/wp\/v2\/posts\/909"}],"collection":[{"href":"http:\/\/zts.psoni.czest.pl\/index.php?rest_route=\/wp\/v2\/posts"}],"about":[{"href":"http:\/\/zts.psoni.czest.pl\/index.php?rest_route=\/wp\/v2\/types\/post"}],"author":[{"embeddable":true,"href":"http:\/\/zts.psoni.czest.pl\/index.php?rest_route=\/wp\/v2\/users\/1"}],"replies":[{"embeddable":true,"href":"http:\/\/zts.psoni.czest.pl\/index.php?rest_route=%2Fwp%2Fv2%2Fcomments&post=909"}],"version-history":[{"count":5,"href":"http:\/\/zts.psoni.czest.pl\/index.php?rest_route=\/wp\/v2\/posts\/909\/revisions"}],"predecessor-version":[{"id":1306,"href":"http:\/\/zts.psoni.czest.pl\/index.php?rest_route=\/wp\/v2\/posts\/909\/revisions\/1306"}],"wp:featuredmedia":[{"embeddable":true,"href":"http:\/\/zts.psoni.czest.pl\/index.php?rest_route=\/wp\/v2\/media\/911"}],"wp:attachment":[{"href":"http:\/\/zts.psoni.czest.pl\/index.php?rest_route=%2Fwp%2Fv2%2Fmedia&parent=909"}],"wp:term":[{"taxonomy":"category","embeddable":true,"href":"http:\/\/zts.psoni.czest.pl\/index.php?rest_route=%2Fwp%2Fv2%2Fcategories&post=909"},{"taxonomy":"post_tag","embeddable":true,"href":"http:\/\/zts.psoni.czest.pl\/index.php?rest_route=%2Fwp%2Fv2%2Ftags&post=909"}],"curies":[{"name":"wp","href":"https:\/\/api.w.org\/{rel}","templated":true}]}}