{"id":913,"date":"2021-11-15T10:48:00","date_gmt":"2021-11-15T10:48:00","guid":{"rendered":"http:\/\/zts.psoni.czest.pl\/?p=913"},"modified":"2022-02-01T17:11:54","modified_gmt":"2022-02-01T17:11:54","slug":"premiera-przedstawienia-juz-za-momencik","status":"publish","type":"post","link":"http:\/\/zts.psoni.czest.pl\/?p=913","title":{"rendered":"Premiera przedstawienia ju\u017c za momencik&#8230;"},"content":{"rendered":"\t\t<div data-elementor-type=\"wp-post\" data-elementor-id=\"913\" class=\"elementor elementor-913\">\n\t\t\t\t\t\t<div class=\"elementor-inner\">\n\t\t\t\t<div class=\"elementor-section-wrap\">\n\t\t\t\t\t\t\t\t\t<section class=\"elementor-section elementor-top-section elementor-element elementor-element-8818e35 elementor-section-boxed elementor-section-height-default elementor-section-height-default\" data-id=\"8818e35\" data-element_type=\"section\">\n\t\t\t\t\t\t<div class=\"elementor-container elementor-column-gap-default\">\n\t\t\t\t\t\t\t<div class=\"elementor-row\">\n\t\t\t\t\t<div class=\"elementor-column elementor-col-100 elementor-top-column elementor-element elementor-element-047d420\" data-id=\"047d420\" data-element_type=\"column\">\n\t\t\t<div class=\"elementor-column-wrap elementor-element-populated\">\n\t\t\t\t\t\t\t<div class=\"elementor-widget-wrap\">\n\t\t\t\t\t\t<div class=\"elementor-element elementor-element-4047779 elementor-widget elementor-widget-text-editor\" data-id=\"4047779\" data-element_type=\"widget\" data-widget_type=\"text-editor.default\">\n\t\t\t\t<div class=\"elementor-widget-container\">\n\t\t\t\t\t\t\t\t<div class=\"elementor-text-editor elementor-clearfix\">\n\t\t\t\t<p><strong>Projekt pn. \u201e\u017bycie to sztuka filmowa \u2013 moje emocje\u201d finansowany z Narodowego Instytutu Wolno\u015bci \u2013 Centrum Rozwoju Spo\u0142ecze\u0144stwa Obywatelskiego ze \u015brodk\u00f3w Programu Fundusz Inicjatyw Obywatelskich NOWE FIO na lata 2021-2030.<\/strong><\/p>\t\t\t\t\t<\/div>\n\t\t\t\t\t\t<\/div>\n\t\t\t\t<\/div>\n\t\t\t\t\t\t<\/div>\n\t\t\t\t\t<\/div>\n\t\t<\/div>\n\t\t\t\t\t\t\t\t<\/div>\n\t\t\t\t\t<\/div>\n\t\t<\/section>\n\t\t\t\t<section class=\"elementor-section elementor-top-section elementor-element elementor-element-20bd5cac elementor-section-boxed elementor-section-height-default elementor-section-height-default\" data-id=\"20bd5cac\" data-element_type=\"section\">\n\t\t\t\t\t\t<div class=\"elementor-container elementor-column-gap-default\">\n\t\t\t\t\t\t\t<div class=\"elementor-row\">\n\t\t\t\t\t<div class=\"elementor-column elementor-col-100 elementor-top-column elementor-element elementor-element-48d38bb6\" data-id=\"48d38bb6\" data-element_type=\"column\">\n\t\t\t<div class=\"elementor-column-wrap elementor-element-populated\">\n\t\t\t\t\t\t\t<div class=\"elementor-widget-wrap\">\n\t\t\t\t\t\t<div class=\"elementor-element elementor-element-46c38521 elementor-widget elementor-widget-text-editor\" data-id=\"46c38521\" data-element_type=\"widget\" data-widget_type=\"text-editor.default\">\n\t\t\t\t<div class=\"elementor-widget-container\">\n\t\t\t\t\t\t\t\t<div class=\"elementor-text-editor elementor-clearfix\">\n\t\t\t\t<a href=\"http:\/\/zts.psoni.czest.pl\/wp-content\/uploads\/2018\/11\/probaPrzedstawienie6.jpg\"><img loading=\"lazy\" class=\"alignnone size-medium wp-image-905\" src=\"http:\/\/zts.psoni.czest.pl\/wp-content\/uploads\/2018\/11\/probaPrzedstawienie6-300x169.jpg\" alt=\"\" width=\"300\" height=\"169\" srcset=\"http:\/\/zts.psoni.czest.pl\/wp-content\/uploads\/2018\/11\/probaPrzedstawienie6-300x169.jpg 300w, http:\/\/zts.psoni.czest.pl\/wp-content\/uploads\/2018\/11\/probaPrzedstawienie6-768x432.jpg 768w, http:\/\/zts.psoni.czest.pl\/wp-content\/uploads\/2018\/11\/probaPrzedstawienie6-1024x576.jpg 1024w, http:\/\/zts.psoni.czest.pl\/wp-content\/uploads\/2018\/11\/probaPrzedstawienie6.jpg 2048w\" sizes=\"(max-width: 300px) 100vw, 300px\" \/><\/a>\n\nJu\u017c 23 listopada aktorzy z naszej grupy teatralnej zaprezentuj\u0105 premierowo przedstawienie przygotowane w ramach projektu &#8222;\u017bycie to sztuka&#8221;. Spektakl dedykowany jest rocznicy stulecia odzyskania przez Polsk\u0119 Niepodleg\u0142o\u015bci.\n\nTrzymamy kciuki za naszych aktor\u00f3w, wiemy bowiem ile wysi\u0142ku w\u0142o\u017cyli w przygotowanie tego przedstawienia!\n\nZa relacj\u0119 z wydarzenia odpowiada\u0107 b\u0119d\u0105 grupa dziennikarska i fotograficzno-filmowa. Opraw\u0119 zapewni grupa scenograficzna i choreograficzna.\t\t\t\t\t<\/div>\n\t\t\t\t\t\t<\/div>\n\t\t\t\t<\/div>\n\t\t\t\t\t\t<\/div>\n\t\t\t\t\t<\/div>\n\t\t<\/div>\n\t\t\t\t\t\t\t\t<\/div>\n\t\t\t\t\t<\/div>\n\t\t<\/section>\n\t\t\t\t\t\t\t\t\t<\/div>\n\t\t\t<\/div>\n\t\t\t\t\t<\/div>\n\t\t","protected":false},"excerpt":{"rendered":"<p>Projekt pn. \u201e\u017bycie to sztuka filmowa \u2013 moje emocje\u201d finansowany z Narodowego Instytutu Wolno\u015bci \u2013 Centrum Rozwoju Spo\u0142ecze\u0144stwa Obywatelskiego ze \u015brodk\u00f3w Programu Fundusz Inicjatyw Obywatelskich NOWE FIO na lata 2021-2030. Ju\u017c 23 listopada aktorzy z naszej grupy teatralnej zaprezentuj\u0105 premierowo przedstawienie przygotowane w ramach projektu &#8222;\u017bycie to sztuka&#8221;. Spektakl dedykowany jest rocznicy stulecia odzyskania przez [&hellip;]<\/p>\n","protected":false},"author":1,"featured_media":901,"comment_status":"closed","ping_status":"closed","sticky":false,"template":"","format":"standard","meta":[],"categories":[23,1],"tags":[33,40,42],"_links":{"self":[{"href":"http:\/\/zts.psoni.czest.pl\/index.php?rest_route=\/wp\/v2\/posts\/913"}],"collection":[{"href":"http:\/\/zts.psoni.czest.pl\/index.php?rest_route=\/wp\/v2\/posts"}],"about":[{"href":"http:\/\/zts.psoni.czest.pl\/index.php?rest_route=\/wp\/v2\/types\/post"}],"author":[{"embeddable":true,"href":"http:\/\/zts.psoni.czest.pl\/index.php?rest_route=\/wp\/v2\/users\/1"}],"replies":[{"embeddable":true,"href":"http:\/\/zts.psoni.czest.pl\/index.php?rest_route=%2Fwp%2Fv2%2Fcomments&post=913"}],"version-history":[{"count":7,"href":"http:\/\/zts.psoni.czest.pl\/index.php?rest_route=\/wp\/v2\/posts\/913\/revisions"}],"predecessor-version":[{"id":1327,"href":"http:\/\/zts.psoni.czest.pl\/index.php?rest_route=\/wp\/v2\/posts\/913\/revisions\/1327"}],"wp:featuredmedia":[{"embeddable":true,"href":"http:\/\/zts.psoni.czest.pl\/index.php?rest_route=\/wp\/v2\/media\/901"}],"wp:attachment":[{"href":"http:\/\/zts.psoni.czest.pl\/index.php?rest_route=%2Fwp%2Fv2%2Fmedia&parent=913"}],"wp:term":[{"taxonomy":"category","embeddable":true,"href":"http:\/\/zts.psoni.czest.pl\/index.php?rest_route=%2Fwp%2Fv2%2Fcategories&post=913"},{"taxonomy":"post_tag","embeddable":true,"href":"http:\/\/zts.psoni.czest.pl\/index.php?rest_route=%2Fwp%2Fv2%2Ftags&post=913"}],"curies":[{"name":"wp","href":"https:\/\/api.w.org\/{rel}","templated":true}]}}